{"id":29258,"date":"2023-01-30T14:08:17","date_gmt":"2023-01-30T14:08:17","guid":{"rendered":"https:\/\/clinicalaveterinaria.it\/labio-leporino-y-paladar-hendido-en-perros-cuales-son-las-causas-de-esta-malformacion-del-paladar-del-cachorro\/"},"modified":"2024-06-11T08:21:15","modified_gmt":"2024-06-11T08:21:15","slug":"labio-leporino-y-paladar-hendido-en-perros-cuales-son-las-causas-de-esta-malformacion-del-paladar-del-cachorro","status":"publish","type":"post","link":"https:\/\/clinicalaveterinaria.it\/es\/labio-leporino-y-paladar-hendido-en-perros-cuales-son-las-causas-de-esta-malformacion-del-paladar-del-cachorro\/","title":{"rendered":"Labio leporino y paladar hendido en perros: \u00bfcu\u00e1les son las causas de esta malformaci\u00f3n del paladar del cachorro?"},"content":{"rendered":"<div class=\"wpb-content-wrapper\"><p>[vc_row][vc_column width=\u00bb3\/12&#8243; is_sticky=\u00bbyes\u00bb sticky_min_width=\u00bb767&#8243; sticky_top=\u00bb110&#8243; sticky_bottom=\u00bb0&#8243; conditional_render=\u00bb%5B%7B%22value_role%22%3A%22administrator%22%7D%5D\u00bb][vc_column_text css=\u00bb.vc_custom_1688036928304{margin-top: 0px !important;margin-bottom: 0px !important;border-top-width: 0px !important;border-bottom-width: 0px !important;padding-top: 0px !important;padding-bottom: 0px !important;}\u00bb]<\/p>\n<p style=\"text-align: center;\"><strong>\u00cdndice<\/strong><\/p>\n<p>[\/vc_column_text]<style>.porto-info-list871dc31092ef276a2adcdadee17cda5b i { font-size: 12px; }<\/style><ul class=\"porto-info-list  porto-info-list871dc31092ef276a2adcdadee17cda5b wpb_custom_6c26ffd09e41b3aede9d3b42cf7c0492\"><li class=\"porto-info-list-item  wpb_custom_eade0171093a7591372ccf9372738e3d\"><div class=\"porto-info-list-item-desc\"><a class=\"hash-scroll\" href=\"#come-e-fatto-il-palato-del-cane\"><strong>1<\/strong>. \u00bfQu\u00e9 aspecto tiene el paladar del perro?<\/a><\/div><\/li><li class=\"porto-info-list-item  wpb_custom_eade0171093a7591372ccf9372738e3d\"><div class=\"porto-info-list-item-desc\"><a class=\"hash-scroll\" href=\"#la-diagnosi-di-palatoschisi\"><strong>2.<\/strong>El diagn\u00f3stico del paladar hendido<\/a><\/div><\/li><li class=\"porto-info-list-item  wpb_custom_eade0171093a7591372ccf9372738e3d\"><div class=\"porto-info-list-item-desc\"><a class=\"hash-scroll\" href=\"#perche-un-cucciolo-di-cane-neonato-con-palatoschisi-rischia-di-morire\"><strong>3.<\/strong>\u00bfPor qu\u00e9 un cachorro de perro reci\u00e9n nacido con paladar hendido corre el riesgo de morir?<\/a><\/div><\/li><li class=\"porto-info-list-item  wpb_custom_eade0171093a7591372ccf9372738e3d\"><div class=\"porto-info-list-item-desc\"><a class=\"hash-scroll\" href=\"#perche-il-cucciolo-nasce-con-la-palatoschisi\"><strong>4.<\/strong>\u00bfPor qu\u00e9 el cachorro nace con el paladar hendido?<\/a><\/div><\/li><li class=\"porto-info-list-item  wpb_custom_eade0171093a7591372ccf9372738e3d\"><div class=\"porto-info-list-item-desc\"><a class=\"hash-scroll\" href=\"#come-si-cura-la-palatoschisi-e-quale-trattamento-e-necessario\"><strong>5.<\/strong>\u00bfC\u00f3mo se trata el paladar hendido y qu\u00e9 tratamiento requiere?<\/a><\/div><\/li><li class=\"porto-info-list-item  wpb_custom_eade0171093a7591372ccf9372738e3d\"><div class=\"porto-info-list-item-desc\"><a class=\"hash-scroll\" href=\"#raccomandazioni\"><strong>6<\/strong>recomendaciones<\/a><\/div><\/li><\/ul>[\/vc_column][vc_column width=\u00bb9\/12&#8243;][vc_column_text]<\/p>\n<h4>Labio leporino y paladar hendido en perros: los perros se ven m\u00e1s afectados que los gatos, pero \u00bfcu\u00e1les son las causas de esta malformaci\u00f3n del paladar en los cachorros?<\/h4>\n<p>El paladar hendido en perros es una <strong>malformaci\u00f3n cong\u00e9nita<\/strong> del paladar que se produce durante el desarrollo fetal del cachorro.<\/p>\n<p>El paladar<strong><b> <\/b><\/strong>es la pared superior de la cavidad bucal (el llamado paladar) y, al mismo tiempo, el suelo de las fosas nasales.<\/p>\n<p>Al nacer, el cachorro presenta un cierre incompleto del paladar, generalmente asociado a otra malformaci\u00f3n del hocico, el llamado labio leporino.<\/p>\n<p>As\u00ed pues, el paladar hendido y el labio leporino pueden considerarse manifestaciones de la misma patolog\u00eda, labio-palatina hendida.<\/p>\n<h4 id=\"come-e-fatto-il-palato-del-cane\">\u00bfQu\u00e9 aspecto tiene el paladar del perro?<\/h4>\n<p>El paladar puede dividirse en dos regiones: una anterior, denominada <em><br \/>\n  <strong><br \/>\n    <b>paladar duro<\/b><br \/>\n  <\/strong><br \/>\n<\/em>y una posterior, llamada <em><br \/>\n  <strong><br \/>\n    <b>paladar blando<\/b><br \/>\n  <\/strong><br \/>\n<\/em>.<\/p>\n<p>El componente \u00f3seo del paladar duro est\u00e1 formado por:<\/p>\n<ul>\n<li>Las ap\u00f3fisis palatinas de los dos <strong><br \/>\n  <b>huesos maxilares<\/b><br \/>\n<\/strong><\/li>\n<li>Las l\u00e1minas horizontales de los dos <strong><br \/>\n  <b>huesos palatinos<\/b><br \/>\n<\/strong><\/li>\n<\/ul>\n<p>Los defectos cong\u00e9nitos del paladar se producen si las dos l\u00e1minas horizontales no se fusionan durante el desarrollo fetal.<\/p>\n<h4 id=\"la-diagnosi-di-palatoschisi\">El diagn\u00f3stico del paladar hendido<\/h4>\n<p>El labio leporino en perros y gatos se reconoce inmediatamente en <em>los reci\u00e9n nacidos<\/em>.<\/p>\n<p>En cambio, la fisuraci\u00f3n, aunque est\u00e1 presente desde el nacimiento, no siempre se reconoce.<\/p>\n<p>Por lo tanto, es necesario que el veterinario realice un examen exhaustivo de la cavidad oral para identificar el cierre incompleto del paladar y aplicar todas las medidas necesarias para mantener con vida al cachorro.<\/p>\n<h4 id=\"perche-un-cucciolo-di-cane-neonato-con-palatoschisi-rischia-di-morire\">\u00bfPor qu\u00e9 es probable que muera un cachorro de perro reci\u00e9n nacido con paladar hendido?<\/h4>\n<p>Cachorros con<strong><b> <\/b><\/strong>paladar hendido tienen dificultades para alimentarse, pueden presentar<strong><b> <\/b><\/strong>retraso del crecimiento, secreci\u00f3n nasal, secreci\u00f3n de leche por las fosas nasales durante o despu\u00e9s de la lactancia, arcadas, regurgitaci\u00f3n<strong><b> <\/b><\/strong>nasal, tos y estornudos, especialmente durante la alimentaci\u00f3n.<\/p>\n<h4 id=\"perche-il-cucciolo-nasce-con-la-palatoschisi\">\u00bfPor qu\u00e9 nace el cachorro con paladar hendido?<\/h4>\n<p>La investigaci\u00f3n cient\u00edfica sobre las causas de este trastorno cong\u00e9nito se orienta cada vez m\u00e1s hacia los factores gen\u00e9ticos.<\/p>\n<p>Estudios recientes realizados en paralelo en humanos y en algunos perros de la raza Nova Scotia Duck Tolling Retriever han demostrado un papel del mismo gen (ADAMTS20) en el desarrollo de la enfermedad.<\/p>\n<p>Entre las razas de perro de alto riesgo se encuentran el Corso, el Boston terrier, el Pekin\u00e9s, el Bulldog, el Cocker spaniel y el Teckel.<\/p>\n<p>Entre los gatos, los siameses y los Maine Coon est\u00e1n m\u00e1s predispuestos.<\/p>\n<h4 id=\"come-si-cura-la-palatoschisi-e-quale-trattamento-e-necessario\">\u00bfC\u00f3mo se trata el paladar hendido y qu\u00e9 tratamiento requiere?<\/h4>\n<p><em>El tratamiento de esta enfermedad es puramente quir\u00fargico y se lleva a cabo cuando el cachorro tiene al menos 8-12 semanas de edad.<\/em><\/p>\n<p>Mientras tanto, los cachorros afectados deben ser alimentados por sonda<strong><b> <\/b><\/strong>mantener un estado nutricional adecuado y disminuir el riesgo de bronconeumon\u00eda <em><br \/>\n  <i>ab ingestis<\/i><br \/>\n<\/em>.<\/p>\n<h4 id=\"raccomandazioni\">Recomendaciones<\/h4>\n<p>Todas las cr\u00edas de perro y gato deben ser revisadas en la primera visita por el<strong><b> <\/b><\/strong>veterinario para detectar la presencia de paladar hendido: s\u00f3lo un diagn\u00f3stico precoz puede garantizar la supervivencia.<\/p>\n<p>Y de nuevo, dado que los factores gen\u00e9ticos intervienen en el desarrollo de la enfermedad y, por tanto, la probabilidad de transmisi\u00f3n a la descendencia es alta, siempre se recomienda <em>no criar a un perro con paladar hendido<\/em>.<\/p>\n<p><strong>En este sentido, le recordamos que los m\u00e9dicos veterinarios de nuestra plantilla est\u00e1n siempre a su disposici\u00f3n para ofrecerle el asesoramiento y la orientaci\u00f3n que necesite para el correcto manejo de su perro o gato.<\/strong><\/p>\n<p><strong>Reserva una cita y solicita una consulta: Cl\u00ednica La Veterinaria est\u00e1 abierta las 24 horas del d\u00eda, festivos incluidos, y dispone de un servicio de urgencias de 20:00 a 8:00 horas.<\/strong><\/p>\n<p><strong>Por la alegr\u00eda de verlos FELICES.<\/strong>[\/vc_column_text][\/vc_column][\/vc_row]<\/p>\n<\/div>","protected":false},"excerpt":{"rendered":"<p>Labio leporino y paladar hendido: los perros de raza pura son los m\u00e1s afectados. \u00bfC\u00f3mo y por qu\u00e9 se forma esta malformaci\u00f3n del paladar?<\/p>\n","protected":false},"author":5,"featured_media":34871,"comment_status":"closed","ping_status":"closed","sticky":false,"template":"","format":"standard","meta":{"footnotes":""},"categories":[694,689,705,681,651],"tags":[799,800,801,802],"class_list":["post-29258","post","type-post","status-publish","format-standard","has-post-thumbnail","hentry","category-bienestar-animal-es","category-bienestar-animal","category-perro","category-perros","category-sin-categorizar","tag-labio-leporino","tag-malformaciones-congenitas-perro","tag-paladar-blando-canino","tag-paladar-hendido"],"nelio_content":{"autoShareEndMode":"never","automationSources":{"useCustomSentences":false,"customSentences":[]},"efiAlt":"","efiUrl":"","followers":[],"highlights":[],"isAutoShareEnabled":true,"networkImageIds":[],"permalinkQueryArgs":[],"series":[],"suggestedReferences":[]},"featured_image_src":{"landsacpe":["https:\/\/clinicalaveterinaria.it\/wp-content\/uploads\/2023\/01\/labbro-leporino.jpg",600,302,false],"list":["https:\/\/clinicalaveterinaria.it\/wp-content\/uploads\/2023\/01\/labbro-leporino-463x302.jpg",463,302,true],"medium":["https:\/\/clinicalaveterinaria.it\/wp-content\/uploads\/2023\/01\/labbro-leporino-300x151.jpg",300,151,true],"full":["https:\/\/clinicalaveterinaria.it\/wp-content\/uploads\/2023\/01\/labbro-leporino.jpg",600,302,false]},"yoast_head":"<!-- This site is optimized with the Yoast SEO Premium plugin v27.4 (Yoast SEO v27.4) - https:\/\/yoast.com\/product\/yoast-seo-premium-wordpress\/ -->\n<title>Perro con labio leporino y paladar hendido | Cl\u00ednica La Veterinaria<\/title>\n<meta name=\"description\" content=\"Labio leporino y paladar hendido: los perros de raza pura son los m\u00e1s afectados. \u00bfC\u00f3mo y por qu\u00e9 se forma esta malformaci\u00f3n del paladar?\" \/>\n<meta name=\"robots\" content=\"index, follow, max-snippet:-1, max-image-preview:large, max-video-preview:-1\" \/>\n<link rel=\"canonical\" href=\"https:\/\/clinicalaveterinaria.it\/es\/labio-leporino-y-paladar-hendido-en-perros-cuales-son-las-causas-de-esta-malformacion-del-paladar-del-cachorro\/\" \/>\n<meta property=\"og:locale\" content=\"es_ES\" \/>\n<meta property=\"og:type\" content=\"article\" \/>\n<meta property=\"og:title\" content=\"Labio leporino y paladar hendido en perros: \u00bfcu\u00e1les son las causas de esta malformaci\u00f3n del paladar del cachorro?\" \/>\n<meta property=\"og:description\" content=\"Labio leporino y paladar hendido: los perros de raza pura son los m\u00e1s afectados. \u00bfC\u00f3mo y por qu\u00e9 se forma esta malformaci\u00f3n del paladar?\" \/>\n<meta property=\"og:url\" content=\"https:\/\/clinicalaveterinaria.it\/es\/labio-leporino-y-paladar-hendido-en-perros-cuales-son-las-causas-de-esta-malformacion-del-paladar-del-cachorro\/\" \/>\n<meta property=\"og:site_name\" content=\"Clinica La Veterinaria\" \/>\n<meta property=\"article:publisher\" content=\"https:\/\/www.facebook.com\/clinicalaveterinaria\" \/>\n<meta property=\"article:published_time\" content=\"2023-01-30T14:08:17+00:00\" \/>\n<meta property=\"article:modified_time\" content=\"2024-06-11T08:21:15+00:00\" \/>\n<meta property=\"og:image\" content=\"https:\/\/clinicalaveterinaria.it\/wp-content\/uploads\/2023\/01\/labbro-leporino.jpg\" \/>\n\t<meta property=\"og:image:width\" content=\"600\" \/>\n\t<meta property=\"og:image:height\" content=\"302\" \/>\n\t<meta property=\"og:image:type\" content=\"image\/jpeg\" \/>\n<meta name=\"author\" content=\"redazione\" \/>\n<meta name=\"twitter:card\" content=\"summary_large_image\" \/>\n<meta name=\"twitter:label1\" content=\"Escrito por\" \/>\n\t<meta name=\"twitter:data1\" content=\"redazione\" \/>\n\t<meta name=\"twitter:label2\" content=\"Tiempo de lectura\" \/>\n\t<meta name=\"twitter:data2\" content=\"4 minutos\" \/>\n<script type=\"application\/ld+json\" class=\"yoast-schema-graph\">{\"@context\":\"https:\\\/\\\/schema.org\",\"@graph\":[{\"@type\":\"Article\",\"@id\":\"https:\\\/\\\/clinicalaveterinaria.it\\\/es\\\/labio-leporino-y-paladar-hendido-en-perros-cuales-son-las-causas-de-esta-malformacion-del-paladar-del-cachorro\\\/#article\",\"isPartOf\":{\"@id\":\"https:\\\/\\\/clinicalaveterinaria.it\\\/es\\\/labio-leporino-y-paladar-hendido-en-perros-cuales-son-las-causas-de-esta-malformacion-del-paladar-del-cachorro\\\/\"},\"author\":{\"name\":\"redazione\",\"@id\":\"https:\\\/\\\/clinicalaveterinaria.it\\\/es\\\/#\\\/schema\\\/person\\\/5a4a3711b16a28ccb91003fee10263f7\"},\"headline\":\"Labio leporino y paladar hendido en perros: \u00bfcu\u00e1les son las causas de esta malformaci\u00f3n del paladar del cachorro?\",\"datePublished\":\"2023-01-30T14:08:17+00:00\",\"dateModified\":\"2024-06-11T08:21:15+00:00\",\"mainEntityOfPage\":{\"@id\":\"https:\\\/\\\/clinicalaveterinaria.it\\\/es\\\/labio-leporino-y-paladar-hendido-en-perros-cuales-son-las-causas-de-esta-malformacion-del-paladar-del-cachorro\\\/\"},\"wordCount\":833,\"publisher\":{\"@id\":\"https:\\\/\\\/clinicalaveterinaria.it\\\/es\\\/#organization\"},\"image\":{\"@id\":\"https:\\\/\\\/clinicalaveterinaria.it\\\/es\\\/labio-leporino-y-paladar-hendido-en-perros-cuales-son-las-causas-de-esta-malformacion-del-paladar-del-cachorro\\\/#primaryimage\"},\"thumbnailUrl\":\"https:\\\/\\\/clinicalaveterinaria.it\\\/wp-content\\\/uploads\\\/2023\\\/01\\\/labbro-leporino.jpg\",\"keywords\":[\"labio leporino\",\"malformaciones cong\u00e9nitas perro\",\"paladar blando canino\",\"paladar hendido\"],\"articleSection\":[\"Bienestar animal\",\"Bienestar animal\",\"perro\",\"Perros\",\"Sin categorizar\"],\"inLanguage\":\"es\"},{\"@type\":\"WebPage\",\"@id\":\"https:\\\/\\\/clinicalaveterinaria.it\\\/es\\\/labio-leporino-y-paladar-hendido-en-perros-cuales-son-las-causas-de-esta-malformacion-del-paladar-del-cachorro\\\/\",\"url\":\"https:\\\/\\\/clinicalaveterinaria.it\\\/es\\\/labio-leporino-y-paladar-hendido-en-perros-cuales-son-las-causas-de-esta-malformacion-del-paladar-del-cachorro\\\/\",\"name\":\"Perro con labio leporino y paladar hendido | Cl\u00ednica La Veterinaria\",\"isPartOf\":{\"@id\":\"https:\\\/\\\/clinicalaveterinaria.it\\\/es\\\/#website\"},\"primaryImageOfPage\":{\"@id\":\"https:\\\/\\\/clinicalaveterinaria.it\\\/es\\\/labio-leporino-y-paladar-hendido-en-perros-cuales-son-las-causas-de-esta-malformacion-del-paladar-del-cachorro\\\/#primaryimage\"},\"image\":{\"@id\":\"https:\\\/\\\/clinicalaveterinaria.it\\\/es\\\/labio-leporino-y-paladar-hendido-en-perros-cuales-son-las-causas-de-esta-malformacion-del-paladar-del-cachorro\\\/#primaryimage\"},\"thumbnailUrl\":\"https:\\\/\\\/clinicalaveterinaria.it\\\/wp-content\\\/uploads\\\/2023\\\/01\\\/labbro-leporino.jpg\",\"datePublished\":\"2023-01-30T14:08:17+00:00\",\"dateModified\":\"2024-06-11T08:21:15+00:00\",\"description\":\"Labio leporino y paladar hendido: los perros de raza pura son los m\u00e1s afectados. \u00bfC\u00f3mo y por qu\u00e9 se forma esta malformaci\u00f3n del paladar?\",\"breadcrumb\":{\"@id\":\"https:\\\/\\\/clinicalaveterinaria.it\\\/es\\\/labio-leporino-y-paladar-hendido-en-perros-cuales-son-las-causas-de-esta-malformacion-del-paladar-del-cachorro\\\/#breadcrumb\"},\"inLanguage\":\"es\",\"potentialAction\":[{\"@type\":\"ReadAction\",\"target\":[\"https:\\\/\\\/clinicalaveterinaria.it\\\/es\\\/labio-leporino-y-paladar-hendido-en-perros-cuales-son-las-causas-de-esta-malformacion-del-paladar-del-cachorro\\\/\"]}]},{\"@type\":\"ImageObject\",\"inLanguage\":\"es\",\"@id\":\"https:\\\/\\\/clinicalaveterinaria.it\\\/es\\\/labio-leporino-y-paladar-hendido-en-perros-cuales-son-las-causas-de-esta-malformacion-del-paladar-del-cachorro\\\/#primaryimage\",\"url\":\"https:\\\/\\\/clinicalaveterinaria.it\\\/wp-content\\\/uploads\\\/2023\\\/01\\\/labbro-leporino.jpg\",\"contentUrl\":\"https:\\\/\\\/clinicalaveterinaria.it\\\/wp-content\\\/uploads\\\/2023\\\/01\\\/labbro-leporino.jpg\",\"width\":600,\"height\":302,\"caption\":\"Labbro leporino e palatoschisi cane | Clinica La Veterinaria\"},{\"@type\":\"BreadcrumbList\",\"@id\":\"https:\\\/\\\/clinicalaveterinaria.it\\\/es\\\/labio-leporino-y-paladar-hendido-en-perros-cuales-son-las-causas-de-esta-malformacion-del-paladar-del-cachorro\\\/#breadcrumb\",\"itemListElement\":[{\"@type\":\"ListItem\",\"position\":1,\"name\":\"Home\",\"item\":\"https:\\\/\\\/clinicalaveterinaria.it\\\/es\\\/\"},{\"@type\":\"ListItem\",\"position\":2,\"name\":\"Labio leporino y paladar hendido en perros: \u00bfcu\u00e1les son las causas de esta malformaci\u00f3n del paladar del cachorro?\"}]},{\"@type\":\"WebSite\",\"@id\":\"https:\\\/\\\/clinicalaveterinaria.it\\\/es\\\/#website\",\"url\":\"https:\\\/\\\/clinicalaveterinaria.it\\\/es\\\/\",\"name\":\"Clinica La Veterinaria\",\"description\":\"Per la gioia di vederli felici\",\"publisher\":{\"@id\":\"https:\\\/\\\/clinicalaveterinaria.it\\\/es\\\/#organization\"},\"potentialAction\":[{\"@type\":\"SearchAction\",\"target\":{\"@type\":\"EntryPoint\",\"urlTemplate\":\"https:\\\/\\\/clinicalaveterinaria.it\\\/es\\\/?s={search_term_string}\"},\"query-input\":{\"@type\":\"PropertyValueSpecification\",\"valueRequired\":true,\"valueName\":\"search_term_string\"}}],\"inLanguage\":\"es\"},{\"@type\":\"Organization\",\"@id\":\"https:\\\/\\\/clinicalaveterinaria.it\\\/es\\\/#organization\",\"name\":\"Clinica La Veterinaria s.r.l.\",\"url\":\"https:\\\/\\\/clinicalaveterinaria.it\\\/es\\\/\",\"logo\":{\"@type\":\"ImageObject\",\"inLanguage\":\"es\",\"@id\":\"https:\\\/\\\/clinicalaveterinaria.it\\\/es\\\/#\\\/schema\\\/logo\\\/image\\\/\",\"url\":\"https:\\\/\\\/clinicalaveterinaria.it\\\/wp-content\\\/uploads\\\/2023\\\/07\\\/Favicon_Logo_clinica_la_vetrinaria-01.png\",\"contentUrl\":\"https:\\\/\\\/clinicalaveterinaria.it\\\/wp-content\\\/uploads\\\/2023\\\/07\\\/Favicon_Logo_clinica_la_vetrinaria-01.png\",\"width\":121,\"height\":120,\"caption\":\"Clinica La Veterinaria s.r.l.\"},\"image\":{\"@id\":\"https:\\\/\\\/clinicalaveterinaria.it\\\/es\\\/#\\\/schema\\\/logo\\\/image\\\/\"},\"sameAs\":[\"https:\\\/\\\/www.facebook.com\\\/clinicalaveterinaria\",\"https:\\\/\\\/www.instagram.com\\\/clinica_la_veterinaria\\\/\"],\"description\":\"Clinica Veterinaria aperta h24 365 giorni all'anno\",\"email\":\"info@clinicalaveterinaria.it\",\"telephone\":\"0952190\",\"legalName\":\"Clinica La Veterinaria s.r.l.\",\"vatID\":\"05780070875\",\"taxID\":\"05780070875\",\"numberOfEmployees\":{\"@type\":\"QuantitativeValue\",\"minValue\":\"11\",\"maxValue\":\"50\"},\"publishingPrinciples\":\"https:\\\/\\\/clinicalaveterinaria.it\\\/termini-e-condizioni\\\/\",\"ownershipFundingInfo\":\"https:\\\/\\\/clinicalaveterinaria.it\\\/imprint\\\/\",\"actionableFeedbackPolicy\":\"https:\\\/\\\/clinicalaveterinaria.it\\\/termini-e-condizioni\\\/\",\"ethicsPolicy\":\"https:\\\/\\\/clinicalaveterinaria.it\\\/disconoscimento\\\/\"},{\"@type\":\"Person\",\"@id\":\"https:\\\/\\\/clinicalaveterinaria.it\\\/es\\\/#\\\/schema\\\/person\\\/5a4a3711b16a28ccb91003fee10263f7\",\"name\":\"redazione\",\"image\":{\"@type\":\"ImageObject\",\"inLanguage\":\"es\",\"@id\":\"https:\\\/\\\/secure.gravatar.com\\\/avatar\\\/db4240686fe0b7f82258478e83e19eea96e510630cfed54b2889a5bcc04031c0?s=96&d=mm&r=g\",\"url\":\"https:\\\/\\\/secure.gravatar.com\\\/avatar\\\/db4240686fe0b7f82258478e83e19eea96e510630cfed54b2889a5bcc04031c0?s=96&d=mm&r=g\",\"contentUrl\":\"https:\\\/\\\/secure.gravatar.com\\\/avatar\\\/db4240686fe0b7f82258478e83e19eea96e510630cfed54b2889a5bcc04031c0?s=96&d=mm&r=g\",\"caption\":\"redazione\"}}]}<\/script>\n<!-- \/ Yoast SEO Premium plugin. -->","yoast_head_json":{"title":"Perro con labio leporino y paladar hendido | Cl\u00ednica La Veterinaria","description":"Labio leporino y paladar hendido: los perros de raza pura son los m\u00e1s afectados. \u00bfC\u00f3mo y por qu\u00e9 se forma esta malformaci\u00f3n del paladar?","robots":{"index":"index","follow":"follow","max-snippet":"max-snippet:-1","max-image-preview":"max-image-preview:large","max-video-preview":"max-video-preview:-1"},"canonical":"https:\/\/clinicalaveterinaria.it\/es\/labio-leporino-y-paladar-hendido-en-perros-cuales-son-las-causas-de-esta-malformacion-del-paladar-del-cachorro\/","og_locale":"es_ES","og_type":"article","og_title":"Labio leporino y paladar hendido en perros: \u00bfcu\u00e1les son las causas de esta malformaci\u00f3n del paladar del cachorro?","og_description":"Labio leporino y paladar hendido: los perros de raza pura son los m\u00e1s afectados. \u00bfC\u00f3mo y por qu\u00e9 se forma esta malformaci\u00f3n del paladar?","og_url":"https:\/\/clinicalaveterinaria.it\/es\/labio-leporino-y-paladar-hendido-en-perros-cuales-son-las-causas-de-esta-malformacion-del-paladar-del-cachorro\/","og_site_name":"Clinica La Veterinaria","article_publisher":"https:\/\/www.facebook.com\/clinicalaveterinaria","article_published_time":"2023-01-30T14:08:17+00:00","article_modified_time":"2024-06-11T08:21:15+00:00","og_image":[{"width":600,"height":302,"url":"https:\/\/clinicalaveterinaria.it\/wp-content\/uploads\/2023\/01\/labbro-leporino.jpg","type":"image\/jpeg"}],"author":"redazione","twitter_card":"summary_large_image","twitter_misc":{"Escrito por":"redazione","Tiempo de lectura":"4 minutos"},"schema":{"@context":"https:\/\/schema.org","@graph":[{"@type":"Article","@id":"https:\/\/clinicalaveterinaria.it\/es\/labio-leporino-y-paladar-hendido-en-perros-cuales-son-las-causas-de-esta-malformacion-del-paladar-del-cachorro\/#article","isPartOf":{"@id":"https:\/\/clinicalaveterinaria.it\/es\/labio-leporino-y-paladar-hendido-en-perros-cuales-son-las-causas-de-esta-malformacion-del-paladar-del-cachorro\/"},"author":{"name":"redazione","@id":"https:\/\/clinicalaveterinaria.it\/es\/#\/schema\/person\/5a4a3711b16a28ccb91003fee10263f7"},"headline":"Labio leporino y paladar hendido en perros: \u00bfcu\u00e1les son las causas de esta malformaci\u00f3n del paladar del cachorro?","datePublished":"2023-01-30T14:08:17+00:00","dateModified":"2024-06-11T08:21:15+00:00","mainEntityOfPage":{"@id":"https:\/\/clinicalaveterinaria.it\/es\/labio-leporino-y-paladar-hendido-en-perros-cuales-son-las-causas-de-esta-malformacion-del-paladar-del-cachorro\/"},"wordCount":833,"publisher":{"@id":"https:\/\/clinicalaveterinaria.it\/es\/#organization"},"image":{"@id":"https:\/\/clinicalaveterinaria.it\/es\/labio-leporino-y-paladar-hendido-en-perros-cuales-son-las-causas-de-esta-malformacion-del-paladar-del-cachorro\/#primaryimage"},"thumbnailUrl":"https:\/\/clinicalaveterinaria.it\/wp-content\/uploads\/2023\/01\/labbro-leporino.jpg","keywords":["labio leporino","malformaciones cong\u00e9nitas perro","paladar blando canino","paladar hendido"],"articleSection":["Bienestar animal","Bienestar animal","perro","Perros","Sin categorizar"],"inLanguage":"es"},{"@type":"WebPage","@id":"https:\/\/clinicalaveterinaria.it\/es\/labio-leporino-y-paladar-hendido-en-perros-cuales-son-las-causas-de-esta-malformacion-del-paladar-del-cachorro\/","url":"https:\/\/clinicalaveterinaria.it\/es\/labio-leporino-y-paladar-hendido-en-perros-cuales-son-las-causas-de-esta-malformacion-del-paladar-del-cachorro\/","name":"Perro con labio leporino y paladar hendido | Cl\u00ednica La Veterinaria","isPartOf":{"@id":"https:\/\/clinicalaveterinaria.it\/es\/#website"},"primaryImageOfPage":{"@id":"https:\/\/clinicalaveterinaria.it\/es\/labio-leporino-y-paladar-hendido-en-perros-cuales-son-las-causas-de-esta-malformacion-del-paladar-del-cachorro\/#primaryimage"},"image":{"@id":"https:\/\/clinicalaveterinaria.it\/es\/labio-leporino-y-paladar-hendido-en-perros-cuales-son-las-causas-de-esta-malformacion-del-paladar-del-cachorro\/#primaryimage"},"thumbnailUrl":"https:\/\/clinicalaveterinaria.it\/wp-content\/uploads\/2023\/01\/labbro-leporino.jpg","datePublished":"2023-01-30T14:08:17+00:00","dateModified":"2024-06-11T08:21:15+00:00","description":"Labio leporino y paladar hendido: los perros de raza pura son los m\u00e1s afectados. \u00bfC\u00f3mo y por qu\u00e9 se forma esta malformaci\u00f3n del paladar?","breadcrumb":{"@id":"https:\/\/clinicalaveterinaria.it\/es\/labio-leporino-y-paladar-hendido-en-perros-cuales-son-las-causas-de-esta-malformacion-del-paladar-del-cachorro\/#breadcrumb"},"inLanguage":"es","potentialAction":[{"@type":"ReadAction","target":["https:\/\/clinicalaveterinaria.it\/es\/labio-leporino-y-paladar-hendido-en-perros-cuales-son-las-causas-de-esta-malformacion-del-paladar-del-cachorro\/"]}]},{"@type":"ImageObject","inLanguage":"es","@id":"https:\/\/clinicalaveterinaria.it\/es\/labio-leporino-y-paladar-hendido-en-perros-cuales-son-las-causas-de-esta-malformacion-del-paladar-del-cachorro\/#primaryimage","url":"https:\/\/clinicalaveterinaria.it\/wp-content\/uploads\/2023\/01\/labbro-leporino.jpg","contentUrl":"https:\/\/clinicalaveterinaria.it\/wp-content\/uploads\/2023\/01\/labbro-leporino.jpg","width":600,"height":302,"caption":"Labbro leporino e palatoschisi cane | Clinica La Veterinaria"},{"@type":"BreadcrumbList","@id":"https:\/\/clinicalaveterinaria.it\/es\/labio-leporino-y-paladar-hendido-en-perros-cuales-son-las-causas-de-esta-malformacion-del-paladar-del-cachorro\/#breadcrumb","itemListElement":[{"@type":"ListItem","position":1,"name":"Home","item":"https:\/\/clinicalaveterinaria.it\/es\/"},{"@type":"ListItem","position":2,"name":"Labio leporino y paladar hendido en perros: \u00bfcu\u00e1les son las causas de esta malformaci\u00f3n del paladar del cachorro?"}]},{"@type":"WebSite","@id":"https:\/\/clinicalaveterinaria.it\/es\/#website","url":"https:\/\/clinicalaveterinaria.it\/es\/","name":"Clinica La Veterinaria","description":"Per la gioia di vederli felici","publisher":{"@id":"https:\/\/clinicalaveterinaria.it\/es\/#organization"},"potentialAction":[{"@type":"SearchAction","target":{"@type":"EntryPoint","urlTemplate":"https:\/\/clinicalaveterinaria.it\/es\/?s={search_term_string}"},"query-input":{"@type":"PropertyValueSpecification","valueRequired":true,"valueName":"search_term_string"}}],"inLanguage":"es"},{"@type":"Organization","@id":"https:\/\/clinicalaveterinaria.it\/es\/#organization","name":"Clinica La Veterinaria s.r.l.","url":"https:\/\/clinicalaveterinaria.it\/es\/","logo":{"@type":"ImageObject","inLanguage":"es","@id":"https:\/\/clinicalaveterinaria.it\/es\/#\/schema\/logo\/image\/","url":"https:\/\/clinicalaveterinaria.it\/wp-content\/uploads\/2023\/07\/Favicon_Logo_clinica_la_vetrinaria-01.png","contentUrl":"https:\/\/clinicalaveterinaria.it\/wp-content\/uploads\/2023\/07\/Favicon_Logo_clinica_la_vetrinaria-01.png","width":121,"height":120,"caption":"Clinica La Veterinaria s.r.l."},"image":{"@id":"https:\/\/clinicalaveterinaria.it\/es\/#\/schema\/logo\/image\/"},"sameAs":["https:\/\/www.facebook.com\/clinicalaveterinaria","https:\/\/www.instagram.com\/clinica_la_veterinaria\/"],"description":"Clinica Veterinaria aperta h24 365 giorni all'anno","email":"info@clinicalaveterinaria.it","telephone":"0952190","legalName":"Clinica La Veterinaria s.r.l.","vatID":"05780070875","taxID":"05780070875","numberOfEmployees":{"@type":"QuantitativeValue","minValue":"11","maxValue":"50"},"publishingPrinciples":"https:\/\/clinicalaveterinaria.it\/termini-e-condizioni\/","ownershipFundingInfo":"https:\/\/clinicalaveterinaria.it\/imprint\/","actionableFeedbackPolicy":"https:\/\/clinicalaveterinaria.it\/termini-e-condizioni\/","ethicsPolicy":"https:\/\/clinicalaveterinaria.it\/disconoscimento\/"},{"@type":"Person","@id":"https:\/\/clinicalaveterinaria.it\/es\/#\/schema\/person\/5a4a3711b16a28ccb91003fee10263f7","name":"redazione","image":{"@type":"ImageObject","inLanguage":"es","@id":"https:\/\/secure.gravatar.com\/avatar\/db4240686fe0b7f82258478e83e19eea96e510630cfed54b2889a5bcc04031c0?s=96&d=mm&r=g","url":"https:\/\/secure.gravatar.com\/avatar\/db4240686fe0b7f82258478e83e19eea96e510630cfed54b2889a5bcc04031c0?s=96&d=mm&r=g","contentUrl":"https:\/\/secure.gravatar.com\/avatar\/db4240686fe0b7f82258478e83e19eea96e510630cfed54b2889a5bcc04031c0?s=96&d=mm&r=g","caption":"redazione"}}]}},"_links":{"self":[{"href":"https:\/\/clinicalaveterinaria.it\/es\/wp-json\/wp\/v2\/posts\/29258","targetHints":{"allow":["GET"]}}],"collection":[{"href":"https:\/\/clinicalaveterinaria.it\/es\/wp-json\/wp\/v2\/posts"}],"about":[{"href":"https:\/\/clinicalaveterinaria.it\/es\/wp-json\/wp\/v2\/types\/post"}],"author":[{"embeddable":true,"href":"https:\/\/clinicalaveterinaria.it\/es\/wp-json\/wp\/v2\/users\/5"}],"replies":[{"embeddable":true,"href":"https:\/\/clinicalaveterinaria.it\/es\/wp-json\/wp\/v2\/comments?post=29258"}],"version-history":[{"count":0,"href":"https:\/\/clinicalaveterinaria.it\/es\/wp-json\/wp\/v2\/posts\/29258\/revisions"}],"wp:featuredmedia":[{"embeddable":true,"href":"https:\/\/clinicalaveterinaria.it\/es\/wp-json\/wp\/v2\/media\/34871"}],"wp:attachment":[{"href":"https:\/\/clinicalaveterinaria.it\/es\/wp-json\/wp\/v2\/media?parent=29258"}],"wp:term":[{"taxonomy":"category","embeddable":true,"href":"https:\/\/clinicalaveterinaria.it\/es\/wp-json\/wp\/v2\/categories?post=29258"},{"taxonomy":"post_tag","embeddable":true,"href":"https:\/\/clinicalaveterinaria.it\/es\/wp-json\/wp\/v2\/tags?post=29258"}],"curies":[{"name":"wp","href":"https:\/\/api.w.org\/{rel}","templated":true}]}}