{"id":29362,"date":"2022-08-08T09:21:37","date_gmt":"2022-08-08T09:21:37","guid":{"rendered":"https:\/\/clinicalaveterinaria.it\/inapetencia-por-calor-en-perros-que-alimentos-darles-de-forma-equilibrada\/"},"modified":"2023-09-14T14:28:47","modified_gmt":"2023-09-14T14:28:47","slug":"inapetencia-por-calor-en-perros-que-alimentos-darles-de-forma-equilibrada","status":"publish","type":"post","link":"https:\/\/clinicalaveterinaria.it\/es\/inapetencia-por-calor-en-perros-que-alimentos-darles-de-forma-equilibrada\/","title":{"rendered":"Inapetencia por calor en perros: \u00bfqu\u00e9 alimentos darles de forma equilibrada?"},"content":{"rendered":"<div class=\"wpb-content-wrapper\"><p>[vc_row][vc_column width=\u00bb3\/12&#8243; is_sticky=\u00bbyes\u00bb sticky_min_width=\u00bb767&#8243; sticky_top=\u00bb110&#8243; sticky_bottom=\u00bb0&#8243; conditional_render=\u00bb%5B%7B%22value_role%22%3A%22administrator%22%7D%5D\u00bb][vc_column_text css=\u00bb.vc_custom_1688036928304{margin-top: 0px !important;margin-bottom: 0px !important;border-top-width: 0px !important;border-bottom-width: 0px !important;padding-top: 0px !important;padding-bottom: 0px !important;}\u00bb]<\/p>\n<p style=\"text-align: center;\"><strong>\u00cdndice<\/strong><\/p>\n<p>[\/vc_column_text]<style>.porto-info-list871dc31092ef276a2adcdadee17cda5b i { font-size: 12px; }<\/style><ul class=\"porto-info-list  porto-info-list871dc31092ef276a2adcdadee17cda5b wpb_custom_6c26ffd09e41b3aede9d3b42cf7c0492\"><li class=\"porto-info-list-item  wpb_custom_eade0171093a7591372ccf9372738e3d\"><div class=\"porto-info-list-item-desc\"><a class=\"hash-scroll\" href=\"#porzioni-piccole-ma-frequenti-combattono-l-inappetenza-da-caldo-del-cane\"><strong>1.<\/strong> Porciones peque\u00f1as pero frecuentes combaten la inapetencia por calor del perro<\/a><\/div><\/li><li class=\"porto-info-list-item  wpb_custom_eade0171093a7591372ccf9372738e3d\"><div class=\"porto-info-list-item-desc\"><a class=\"hash-scroll\" href=\"#quali-cibi-e-quale-cottura-preferire-quando-fa-caldo-contro-l-inappetenza\"><strong>2.<\/strong> \u00bfQu\u00e9 alimentos y cocciones preferir en tiempo caluroso contra la falta de apetito?<\/a><\/div><\/li><li class=\"porto-info-list-item  wpb_custom_eade0171093a7591372ccf9372738e3d\"><div class=\"porto-info-list-item-desc\"><a class=\"hash-scroll\" href=\"#sai-quali-sono-i-cibi-piu-sostanzioni-e-facilmente-assimilabili-che-combattono-l-inappetenza-del-cane\"><strong>3.<\/strong> \u00bfSabes cu\u00e1les son los alimentos m\u00e1s sustanciosos y f\u00e1ciles de asimilar que combaten la inapetencia canina?<\/a><\/div><\/li><li class=\"porto-info-list-item  wpb_custom_eade0171093a7591372ccf9372738e3d\"><div class=\"porto-info-list-item-desc\"><a class=\"hash-scroll\" href=\"#sono-le-verdure-il-rimedio-piu-fresco-e-idratante-in-assoluto-in-caso-di-inappetenza-del-cane\"><strong>4.<\/strong> Las verduras son el remedio m\u00e1s fresco e hidratante contra la inapetencia canina<\/a><\/div><\/li><li class=\"porto-info-list-item  wpb_custom_eade0171093a7591372ccf9372738e3d\"><div class=\"porto-info-list-item-desc\"><a class=\"hash-scroll\" href=\"#la-frutta-una-merenda-anti-caldo-super-golosa-e-vitaminica\"><strong>5.<\/strong> Fruta: un tentempi\u00e9 s\u00faper sabroso y lleno de vitaminas contra el calor.<\/a><\/div><\/li><li class=\"porto-info-list-item  wpb_custom_eade0171093a7591372ccf9372738e3d\"><div class=\"porto-info-list-item-desc\"><a class=\"hash-scroll\" href=\"#attenzione-ai-cereali-invece-danno-senso-di-sazieta-ma-poco-nutrimento\"><strong>6.<\/strong> Sin embargo, cuidado con los cereales: dan sensaci\u00f3n de saciedad pero nutren poco<\/a><\/div><\/li><li class=\"porto-info-list-item  wpb_custom_eade0171093a7591372ccf9372738e3d\"><div class=\"porto-info-list-item-desc\"><a class=\"hash-scroll\" href=\"#quando-fa-caldo-diventano-vulnerabili-tutti-i-cani-che-non-assumono-adeguata-quantita-di-acqua\"><strong>7.<\/strong> Cuando hace calor, todos los perros que no ingieren una cantidad adecuada de agua se vuelven vulnerables<\/a><\/div><\/li><li class=\"porto-info-list-item  wpb_custom_eade0171093a7591372ccf9372738e3d\"><div class=\"porto-info-list-item-desc\"><a class=\"hash-scroll\" href=\"#l-inappetenza-nel-cane-provocata-dal-caldo-non-e-di-per-se-un-sintomo-preoccupante-a-condizioni-che-duri-poco\"><strong>.<\/strong> La inapetencia inducida por el calor en los perros no es en s\u00ed misma un s\u00edntoma preocupante siempre que dure poco tiempo.<\/a><\/div><\/li><\/ul>[\/vc_column][vc_column width=\u00bb9\/12&#8243;][vc_column_text]<\/p>\n<h4 id=\"inappetenza-del-tuo-cane-e-un-male-di-stagione-tipico-del-periodo-estivo-che-ti-preoccupa\">\u00bfLe preocupa la falta de apetito de su perro en verano? He aqu\u00ed c\u00f3mo alimentar a tu amigo de cuatro patas con comidas sabrosas y equilibradas que satisfagan sus necesidades nutricionales incluso cuando no tenga apetito a causa del calor.<\/h4>\n<p>El calor provoca inapetencia, pero tambi\u00e9n disminuye el deseo del perro de correr y retozar.<\/p>\n<p>Si bien es cierto, por tanto, que la reducci\u00f3n de la actividad f\u00edsica requiere una menor ingesta cal\u00f3rica, es esencial que las comidas sigan satisfaciendo las necesidades energ\u00e9ticas del perro.<\/p>\n<p>Cuando cambien las necesidades diet\u00e9ticas de tu perro, deber\u00e1s adaptar su men\u00fa.<\/p>\n<p>En primer lugar, opte por alimentos de alta calidad, nutritivos y digestibles, y d\u00e9 las comidas principales en peque\u00f1as raciones.<\/p>\n<h4 id=\"porzioni-piccole-ma-frequenti-combattono-l-inappetenza-da-caldo-del-cane\">Porciones peque\u00f1as pero frecuentes combaten la inapetencia canina por el calor<\/h4>\n<p>Distribuya las comidas en varias raciones y ofr\u00e9zcaselas a su perro a intervalos regulares durante las horas m\u00e1s frescas del d\u00eda.<\/p>\n<p>De este modo, no forzar\u00e1s el est\u00f3mago ni la digesti\u00f3n de tu perro, pero seguir\u00e1s satisfaciendo sus necesidades nutricionales.<\/p>\n<p>Entonces es importante que el perro ingiera alimentos hidratantes y refrescantes.<\/p>\n<h4 id=\"quali-cibi-e-quale-cottura-preferire-quando-fa-caldo-contro-l-inappetenza\">\u00bfQu\u00e9 alimentos y cocciones preferir cuando hace calor contra la falta de apetito?<\/h4>\n<p>La dieta casera cocinada al vapor es la mejor opci\u00f3n para sustituir los alimentos comerciales secos o h\u00famedos.<\/p>\n<p>Este m\u00e9todo de cocci\u00f3n conserva una gran cantidad de agua y no altera los nutrientes de los alimentos.<\/p>\n<p>Sin embargo, la m\u00e1s \u00abrefrescante\u00bb sigue siendo la dieta casera cruda.<\/p>\n<p>De hecho, en los alimentos crudos, la cantidad de agua presente permanece casi intacta.<\/p>\n<p>Cocidos, crudos, secos o h\u00famedos, elija siempre alimentos de alta digestibilidad.<\/p>\n<h4 id=\"sai-quali-sono-i-cibi-piu-sostanzioni-e-facilmente-assimilabili-che-combattono-l-inappetenza-del-cane\">\u00bfSabes cu\u00e1les son los alimentos m\u00e1s sustanciosos y f\u00e1ciles de asimilar que combaten la inapetencia canina?<\/h4>\n<p>El conejo, el pato y el pavo se encuentran entre las carnes m\u00e1s digeribles.<\/p>\n<p>El bacalao y las sardinas tambi\u00e9n pueden a\u00f1adirse, pero en peque\u00f1as cantidades (entre el 10% y el 20%), a los alimentos comerciales, tanto secos como enlatados.<\/p>\n<h4 id=\"sono-le-verdure-il-rimedio-piu-fresco-e-idratante-in-assoluto-in-caso-di-inappetenza-del-cane\">Las verduras son el remedio m\u00e1s fresco e hidratante contra la inapetencia canina<\/h4>\n<p>Las verduras preferidas son <em>los pepinos, las zanahorias, el hinojo y el apio<\/em>.<\/p>\n<p>R\u00e1llelos finamente y ofr\u00e9zcaselos a su perro incluso <em>crudos<\/em>.<\/p>\n<p>Si a tu perro no le gustan las verduras, coc\u00ednalas al vapor y condim\u00e9ntalas con un chorrito de aceite de oliva virgen extra.<\/p>\n<h4 id=\"la-frutta-una-merenda-anti-caldo-super-golosa-e-vitaminica\">Fruta: un tentempi\u00e9 s\u00faper sabroso y repleto de vitaminas contra el calor<\/h4>\n<p><em>El mel\u00f3n, la sand\u00eda (sin pepitas), los pl\u00e1tanos, los ar\u00e1ndanos y las manzanas (con coraz\u00f3n y sin pepitas) son las frutas ideales para tu perro en verano.<\/em><\/p>\n<p>Gu\u00e1rdelo en el frigor\u00edfico y d\u00e9jelo unos minutos a temperatura ambiente antes de ofrec\u00e9rselo a su perro: ser\u00e1 <em>un tentempi\u00e9 apetitoso y nutritivo<\/em>.<\/p>\n<p>O a\u00f1\u00e1dalo a su comida, pero no se exceda en las cantidades.<\/p>\n<p>La fruta debe constituir alrededor del 5% de la dieta: un exceso podr\u00eda causar problemas intestinales como la diarrea.<\/p>\n<h4 id=\"attenzione-ai-cereali-invece-danno-senso-di-sazieta-ma-poco-nutrimento\">Pero cuidado con los cereales: dan sensaci\u00f3n de saciedad pero nutren poco<\/h4>\n<p>Los perros son esencialmente carn\u00edvoros y carecen de las enzimas necesarias para digerir los almidones de los cereales.<\/p>\n<p>Por tanto, los cereales s\u00f3lo pueden considerarse sustancias saciantes pero poco nutritivas.<\/p>\n<p>Dan al perro sensaci\u00f3n de saciedad y son muy utilizados por las grandes industrias simplemente porque son baratos.<\/p>\n<p>Alim\u00e9ntelos con moderaci\u00f3n y favorezca el amaranto, la espelta y la avena: son m\u00e1s digeribles y ricos en fibra que el ma\u00edz y el arroz habituales.<\/p>\n<h4 id=\"quando-fa-caldo-diventano-vulnerabili-tutti-i-cani-che-non-assumono-adeguata-quantita-di-acqua\">Cuando hace calor, todos los perros que no ingieren una cantidad adecuada de agua se vuelven vulnerables<\/h4>\n<p>\u00bfEl motivo? Corren el riesgo de <em>deshidratarse<\/em>.<\/p>\n<p>Por lo tanto, aseg\u00farese de que el perro disponga siempre de agua fresca, pero nunca congelada.<\/p>\n<p>Y, de nuevo, cambia el agua varias veces durante el d\u00eda y enjuaga el cuenco para evitar los restos de cal.<\/p>\n<h4 id=\"l-inappetenza-nel-cane-provocata-dal-caldo-non-e-di-per-se-un-sintomo-preoccupante-a-condizioni-che-duri-poco\">La inapetencia inducida por el calor en los perros no es en s\u00ed misma un s\u00edntoma preocupante siempre que dure poco tiempo<\/h4>\n<p>Si, por el contrario, la p\u00e9rdida de apetito persiste de forma anormal, le aconsejamos que haga examinar a su perro por su veterinario para determinar las causas reales de esta situaci\u00f3n, sobre todo en el caso de cachorros o perros de edad avanzada.<\/p>\n<p><strong>Si desea una consulta con un experto en nutrici\u00f3n veterinaria, los especialistas de nuestra plantilla estar\u00e1n encantados de proporcionarle toda la informaci\u00f3n que necesite.<\/strong><\/p>\n<p><strong>Tambi\u00e9n queremos recordarle que en caso de necesidad y urgencia Cl\u00ednica La Veterinaria est\u00e1 siempre abierta las 24 horas del d\u00eda, incluidos festivos, y con un servicio de urgencias de 20 a 8 horas.<\/strong><\/p>\n<p><strong>Por la alegr\u00eda de verlos FELICES<\/strong>[\/vc_column_text][\/vc_column][\/vc_row]<\/p>\n<\/div>","protected":false},"excerpt":{"rendered":"<p>\u00bfLe preocupa la t\u00edpica inapetencia estival de su perro? A continuaci\u00f3n te explicamos c\u00f3mo alimentar a tu amigo de cuatro patas de forma equilibrada.<\/p>\n","protected":false},"author":5,"featured_media":35131,"comment_status":"open","ping_status":"closed","sticky":false,"template":"","format":"standard","meta":{"footnotes":""},"categories":[706,694,689,682,705,681,686,651],"tags":[961,958,962,960,959],"class_list":["post-29362","post","type-post","status-publish","format-standard","has-post-thumbnail","hentry","category-bienestar","category-bienestar-animal-es","category-bienestar-animal","category-gatos","category-perro","category-perros","category-prevencion-es","category-sin-categorizar","tag-frutas-y-hortalizas-en-verano","tag-inapetencia","tag-inapetencia-canina-en-verano","tag-perro-inapetente","tag-perro-que-no-come"],"nelio_content":{"autoShareEndMode":"never","automationSources":{"useCustomSentences":false,"customSentences":[]},"efiAlt":"","efiUrl":"","followers":[],"highlights":[],"isAutoShareEnabled":true,"networkImageIds":[],"permalinkQueryArgs":[],"series":[],"suggestedReferences":[]},"featured_image_src":{"landsacpe":["https:\/\/clinicalaveterinaria.it\/wp-content\/uploads\/2022\/08\/alimentazione-estate.jpg",600,302,false],"list":["https:\/\/clinicalaveterinaria.it\/wp-content\/uploads\/2022\/08\/alimentazione-estate-463x302.jpg",463,302,true],"medium":["https:\/\/clinicalaveterinaria.it\/wp-content\/uploads\/2022\/08\/alimentazione-estate-300x151.jpg",300,151,true],"full":["https:\/\/clinicalaveterinaria.it\/wp-content\/uploads\/2022\/08\/alimentazione-estate.jpg",600,302,false]},"yoast_head":"<!-- This site is optimized with the Yoast SEO Premium plugin v27.4 (Yoast SEO v27.4) - https:\/\/yoast.com\/product\/yoast-seo-premium-wordpress\/ -->\n<title>Inapetencia por calor en perros | Cl\u00ednica La Veterinaria<\/title>\n<meta name=\"description\" content=\"\u00bfLe preocupa la t\u00edpica inapetencia estival de su perro? A continuaci\u00f3n te explicamos c\u00f3mo alimentar a tu amigo de cuatro patas de forma equilibrada.\" \/>\n<meta name=\"robots\" content=\"index, follow, max-snippet:-1, max-image-preview:large, max-video-preview:-1\" \/>\n<link rel=\"canonical\" href=\"https:\/\/clinicalaveterinaria.it\/es\/inapetencia-por-calor-en-perros-que-alimentos-darles-de-forma-equilibrada\/\" \/>\n<meta property=\"og:locale\" content=\"es_ES\" \/>\n<meta property=\"og:type\" content=\"article\" \/>\n<meta property=\"og:title\" content=\"Inapetencia por calor en perros: \u00bfqu\u00e9 alimentos darles de forma equilibrada?\" \/>\n<meta property=\"og:description\" content=\"\u00bfLe preocupa la t\u00edpica inapetencia estival de su perro? A continuaci\u00f3n te explicamos c\u00f3mo alimentar a tu amigo de cuatro patas de forma equilibrada.\" \/>\n<meta property=\"og:url\" content=\"https:\/\/clinicalaveterinaria.it\/es\/inapetencia-por-calor-en-perros-que-alimentos-darles-de-forma-equilibrada\/\" \/>\n<meta property=\"og:site_name\" content=\"Clinica La Veterinaria\" \/>\n<meta property=\"article:publisher\" content=\"https:\/\/www.facebook.com\/clinicalaveterinaria\" \/>\n<meta property=\"article:published_time\" content=\"2022-08-08T09:21:37+00:00\" \/>\n<meta property=\"article:modified_time\" content=\"2023-09-14T14:28:47+00:00\" \/>\n<meta property=\"og:image\" content=\"https:\/\/clinicalaveterinaria.it\/wp-content\/uploads\/2022\/08\/alimentazione-estate.jpg\" \/>\n\t<meta property=\"og:image:width\" content=\"600\" \/>\n\t<meta property=\"og:image:height\" content=\"302\" \/>\n\t<meta property=\"og:image:type\" content=\"image\/jpeg\" \/>\n<meta name=\"author\" content=\"redazione\" \/>\n<meta name=\"twitter:card\" content=\"summary_large_image\" \/>\n<meta name=\"twitter:label1\" content=\"Escrito por\" \/>\n\t<meta name=\"twitter:data1\" content=\"redazione\" \/>\n\t<meta name=\"twitter:label2\" content=\"Tiempo de lectura\" \/>\n\t<meta name=\"twitter:data2\" content=\"5 minutos\" \/>\n<script type=\"application\/ld+json\" class=\"yoast-schema-graph\">{\"@context\":\"https:\\\/\\\/schema.org\",\"@graph\":[{\"@type\":\"Article\",\"@id\":\"https:\\\/\\\/clinicalaveterinaria.it\\\/es\\\/inapetencia-por-calor-en-perros-que-alimentos-darles-de-forma-equilibrada\\\/#article\",\"isPartOf\":{\"@id\":\"https:\\\/\\\/clinicalaveterinaria.it\\\/es\\\/inapetencia-por-calor-en-perros-que-alimentos-darles-de-forma-equilibrada\\\/\"},\"author\":{\"name\":\"redazione\",\"@id\":\"https:\\\/\\\/clinicalaveterinaria.it\\\/es\\\/#\\\/schema\\\/person\\\/5a4a3711b16a28ccb91003fee10263f7\"},\"headline\":\"Inapetencia por calor en perros: \u00bfqu\u00e9 alimentos darles de forma equilibrada?\",\"datePublished\":\"2022-08-08T09:21:37+00:00\",\"dateModified\":\"2023-09-14T14:28:47+00:00\",\"mainEntityOfPage\":{\"@id\":\"https:\\\/\\\/clinicalaveterinaria.it\\\/es\\\/inapetencia-por-calor-en-perros-que-alimentos-darles-de-forma-equilibrada\\\/\"},\"wordCount\":1085,\"commentCount\":0,\"publisher\":{\"@id\":\"https:\\\/\\\/clinicalaveterinaria.it\\\/es\\\/#organization\"},\"image\":{\"@id\":\"https:\\\/\\\/clinicalaveterinaria.it\\\/es\\\/inapetencia-por-calor-en-perros-que-alimentos-darles-de-forma-equilibrada\\\/#primaryimage\"},\"thumbnailUrl\":\"https:\\\/\\\/clinicalaveterinaria.it\\\/wp-content\\\/uploads\\\/2022\\\/08\\\/alimentazione-estate.jpg\",\"keywords\":[\"frutas y hortalizas en verano\",\"inapetencia\",\"inapetencia canina en verano\",\"perro inapetente\",\"perro que no come\"],\"articleSection\":[\"Bienestar\",\"Bienestar animal\",\"Bienestar animal\",\"Gatos\",\"perro\",\"Perros\",\"Prevenci\u00f3n\",\"Sin categorizar\"],\"inLanguage\":\"es\",\"potentialAction\":[{\"@type\":\"CommentAction\",\"name\":\"Comment\",\"target\":[\"https:\\\/\\\/clinicalaveterinaria.it\\\/es\\\/inapetencia-por-calor-en-perros-que-alimentos-darles-de-forma-equilibrada\\\/#respond\"]}]},{\"@type\":\"WebPage\",\"@id\":\"https:\\\/\\\/clinicalaveterinaria.it\\\/es\\\/inapetencia-por-calor-en-perros-que-alimentos-darles-de-forma-equilibrada\\\/\",\"url\":\"https:\\\/\\\/clinicalaveterinaria.it\\\/es\\\/inapetencia-por-calor-en-perros-que-alimentos-darles-de-forma-equilibrada\\\/\",\"name\":\"Inapetencia por calor en perros | Cl\u00ednica La Veterinaria\",\"isPartOf\":{\"@id\":\"https:\\\/\\\/clinicalaveterinaria.it\\\/es\\\/#website\"},\"primaryImageOfPage\":{\"@id\":\"https:\\\/\\\/clinicalaveterinaria.it\\\/es\\\/inapetencia-por-calor-en-perros-que-alimentos-darles-de-forma-equilibrada\\\/#primaryimage\"},\"image\":{\"@id\":\"https:\\\/\\\/clinicalaveterinaria.it\\\/es\\\/inapetencia-por-calor-en-perros-que-alimentos-darles-de-forma-equilibrada\\\/#primaryimage\"},\"thumbnailUrl\":\"https:\\\/\\\/clinicalaveterinaria.it\\\/wp-content\\\/uploads\\\/2022\\\/08\\\/alimentazione-estate.jpg\",\"datePublished\":\"2022-08-08T09:21:37+00:00\",\"dateModified\":\"2023-09-14T14:28:47+00:00\",\"description\":\"\u00bfLe preocupa la t\u00edpica inapetencia estival de su perro? A continuaci\u00f3n te explicamos c\u00f3mo alimentar a tu amigo de cuatro patas de forma equilibrada.\",\"breadcrumb\":{\"@id\":\"https:\\\/\\\/clinicalaveterinaria.it\\\/es\\\/inapetencia-por-calor-en-perros-que-alimentos-darles-de-forma-equilibrada\\\/#breadcrumb\"},\"inLanguage\":\"es\",\"potentialAction\":[{\"@type\":\"ReadAction\",\"target\":[\"https:\\\/\\\/clinicalaveterinaria.it\\\/es\\\/inapetencia-por-calor-en-perros-que-alimentos-darles-de-forma-equilibrada\\\/\"]}]},{\"@type\":\"ImageObject\",\"inLanguage\":\"es\",\"@id\":\"https:\\\/\\\/clinicalaveterinaria.it\\\/es\\\/inapetencia-por-calor-en-perros-que-alimentos-darles-de-forma-equilibrada\\\/#primaryimage\",\"url\":\"https:\\\/\\\/clinicalaveterinaria.it\\\/wp-content\\\/uploads\\\/2022\\\/08\\\/alimentazione-estate.jpg\",\"contentUrl\":\"https:\\\/\\\/clinicalaveterinaria.it\\\/wp-content\\\/uploads\\\/2022\\\/08\\\/alimentazione-estate.jpg\",\"width\":600,\"height\":302,\"caption\":\"Inappetenza da caldo nel cane | Clinica La Veterinaria\"},{\"@type\":\"BreadcrumbList\",\"@id\":\"https:\\\/\\\/clinicalaveterinaria.it\\\/es\\\/inapetencia-por-calor-en-perros-que-alimentos-darles-de-forma-equilibrada\\\/#breadcrumb\",\"itemListElement\":[{\"@type\":\"ListItem\",\"position\":1,\"name\":\"Home\",\"item\":\"https:\\\/\\\/clinicalaveterinaria.it\\\/es\\\/\"},{\"@type\":\"ListItem\",\"position\":2,\"name\":\"Inapetencia por calor en perros: \u00bfqu\u00e9 alimentos darles de forma equilibrada?\"}]},{\"@type\":\"WebSite\",\"@id\":\"https:\\\/\\\/clinicalaveterinaria.it\\\/es\\\/#website\",\"url\":\"https:\\\/\\\/clinicalaveterinaria.it\\\/es\\\/\",\"name\":\"Clinica La Veterinaria\",\"description\":\"Per la gioia di vederli felici\",\"publisher\":{\"@id\":\"https:\\\/\\\/clinicalaveterinaria.it\\\/es\\\/#organization\"},\"potentialAction\":[{\"@type\":\"SearchAction\",\"target\":{\"@type\":\"EntryPoint\",\"urlTemplate\":\"https:\\\/\\\/clinicalaveterinaria.it\\\/es\\\/?s={search_term_string}\"},\"query-input\":{\"@type\":\"PropertyValueSpecification\",\"valueRequired\":true,\"valueName\":\"search_term_string\"}}],\"inLanguage\":\"es\"},{\"@type\":\"Organization\",\"@id\":\"https:\\\/\\\/clinicalaveterinaria.it\\\/es\\\/#organization\",\"name\":\"Clinica La Veterinaria s.r.l.\",\"url\":\"https:\\\/\\\/clinicalaveterinaria.it\\\/es\\\/\",\"logo\":{\"@type\":\"ImageObject\",\"inLanguage\":\"es\",\"@id\":\"https:\\\/\\\/clinicalaveterinaria.it\\\/es\\\/#\\\/schema\\\/logo\\\/image\\\/\",\"url\":\"https:\\\/\\\/clinicalaveterinaria.it\\\/wp-content\\\/uploads\\\/2023\\\/07\\\/Favicon_Logo_clinica_la_vetrinaria-01.png\",\"contentUrl\":\"https:\\\/\\\/clinicalaveterinaria.it\\\/wp-content\\\/uploads\\\/2023\\\/07\\\/Favicon_Logo_clinica_la_vetrinaria-01.png\",\"width\":121,\"height\":120,\"caption\":\"Clinica La Veterinaria s.r.l.\"},\"image\":{\"@id\":\"https:\\\/\\\/clinicalaveterinaria.it\\\/es\\\/#\\\/schema\\\/logo\\\/image\\\/\"},\"sameAs\":[\"https:\\\/\\\/www.facebook.com\\\/clinicalaveterinaria\",\"https:\\\/\\\/www.instagram.com\\\/clinica_la_veterinaria\\\/\"],\"description\":\"Clinica Veterinaria aperta h24 365 giorni all'anno\",\"email\":\"info@clinicalaveterinaria.it\",\"telephone\":\"0952190\",\"legalName\":\"Clinica La Veterinaria s.r.l.\",\"vatID\":\"05780070875\",\"taxID\":\"05780070875\",\"numberOfEmployees\":{\"@type\":\"QuantitativeValue\",\"minValue\":\"11\",\"maxValue\":\"50\"},\"publishingPrinciples\":\"https:\\\/\\\/clinicalaveterinaria.it\\\/termini-e-condizioni\\\/\",\"ownershipFundingInfo\":\"https:\\\/\\\/clinicalaveterinaria.it\\\/imprint\\\/\",\"actionableFeedbackPolicy\":\"https:\\\/\\\/clinicalaveterinaria.it\\\/termini-e-condizioni\\\/\",\"ethicsPolicy\":\"https:\\\/\\\/clinicalaveterinaria.it\\\/disconoscimento\\\/\"},{\"@type\":\"Person\",\"@id\":\"https:\\\/\\\/clinicalaveterinaria.it\\\/es\\\/#\\\/schema\\\/person\\\/5a4a3711b16a28ccb91003fee10263f7\",\"name\":\"redazione\",\"image\":{\"@type\":\"ImageObject\",\"inLanguage\":\"es\",\"@id\":\"https:\\\/\\\/secure.gravatar.com\\\/avatar\\\/db4240686fe0b7f82258478e83e19eea96e510630cfed54b2889a5bcc04031c0?s=96&d=mm&r=g\",\"url\":\"https:\\\/\\\/secure.gravatar.com\\\/avatar\\\/db4240686fe0b7f82258478e83e19eea96e510630cfed54b2889a5bcc04031c0?s=96&d=mm&r=g\",\"contentUrl\":\"https:\\\/\\\/secure.gravatar.com\\\/avatar\\\/db4240686fe0b7f82258478e83e19eea96e510630cfed54b2889a5bcc04031c0?s=96&d=mm&r=g\",\"caption\":\"redazione\"}}]}<\/script>\n<!-- \/ Yoast SEO Premium plugin. -->","yoast_head_json":{"title":"Inapetencia por calor en perros | Cl\u00ednica La Veterinaria","description":"\u00bfLe preocupa la t\u00edpica inapetencia estival de su perro? A continuaci\u00f3n te explicamos c\u00f3mo alimentar a tu amigo de cuatro patas de forma equilibrada.","robots":{"index":"index","follow":"follow","max-snippet":"max-snippet:-1","max-image-preview":"max-image-preview:large","max-video-preview":"max-video-preview:-1"},"canonical":"https:\/\/clinicalaveterinaria.it\/es\/inapetencia-por-calor-en-perros-que-alimentos-darles-de-forma-equilibrada\/","og_locale":"es_ES","og_type":"article","og_title":"Inapetencia por calor en perros: \u00bfqu\u00e9 alimentos darles de forma equilibrada?","og_description":"\u00bfLe preocupa la t\u00edpica inapetencia estival de su perro? A continuaci\u00f3n te explicamos c\u00f3mo alimentar a tu amigo de cuatro patas de forma equilibrada.","og_url":"https:\/\/clinicalaveterinaria.it\/es\/inapetencia-por-calor-en-perros-que-alimentos-darles-de-forma-equilibrada\/","og_site_name":"Clinica La Veterinaria","article_publisher":"https:\/\/www.facebook.com\/clinicalaveterinaria","article_published_time":"2022-08-08T09:21:37+00:00","article_modified_time":"2023-09-14T14:28:47+00:00","og_image":[{"width":600,"height":302,"url":"https:\/\/clinicalaveterinaria.it\/wp-content\/uploads\/2022\/08\/alimentazione-estate.jpg","type":"image\/jpeg"}],"author":"redazione","twitter_card":"summary_large_image","twitter_misc":{"Escrito por":"redazione","Tiempo de lectura":"5 minutos"},"schema":{"@context":"https:\/\/schema.org","@graph":[{"@type":"Article","@id":"https:\/\/clinicalaveterinaria.it\/es\/inapetencia-por-calor-en-perros-que-alimentos-darles-de-forma-equilibrada\/#article","isPartOf":{"@id":"https:\/\/clinicalaveterinaria.it\/es\/inapetencia-por-calor-en-perros-que-alimentos-darles-de-forma-equilibrada\/"},"author":{"name":"redazione","@id":"https:\/\/clinicalaveterinaria.it\/es\/#\/schema\/person\/5a4a3711b16a28ccb91003fee10263f7"},"headline":"Inapetencia por calor en perros: \u00bfqu\u00e9 alimentos darles de forma equilibrada?","datePublished":"2022-08-08T09:21:37+00:00","dateModified":"2023-09-14T14:28:47+00:00","mainEntityOfPage":{"@id":"https:\/\/clinicalaveterinaria.it\/es\/inapetencia-por-calor-en-perros-que-alimentos-darles-de-forma-equilibrada\/"},"wordCount":1085,"commentCount":0,"publisher":{"@id":"https:\/\/clinicalaveterinaria.it\/es\/#organization"},"image":{"@id":"https:\/\/clinicalaveterinaria.it\/es\/inapetencia-por-calor-en-perros-que-alimentos-darles-de-forma-equilibrada\/#primaryimage"},"thumbnailUrl":"https:\/\/clinicalaveterinaria.it\/wp-content\/uploads\/2022\/08\/alimentazione-estate.jpg","keywords":["frutas y hortalizas en verano","inapetencia","inapetencia canina en verano","perro inapetente","perro que no come"],"articleSection":["Bienestar","Bienestar animal","Bienestar animal","Gatos","perro","Perros","Prevenci\u00f3n","Sin categorizar"],"inLanguage":"es","potentialAction":[{"@type":"CommentAction","name":"Comment","target":["https:\/\/clinicalaveterinaria.it\/es\/inapetencia-por-calor-en-perros-que-alimentos-darles-de-forma-equilibrada\/#respond"]}]},{"@type":"WebPage","@id":"https:\/\/clinicalaveterinaria.it\/es\/inapetencia-por-calor-en-perros-que-alimentos-darles-de-forma-equilibrada\/","url":"https:\/\/clinicalaveterinaria.it\/es\/inapetencia-por-calor-en-perros-que-alimentos-darles-de-forma-equilibrada\/","name":"Inapetencia por calor en perros | Cl\u00ednica La Veterinaria","isPartOf":{"@id":"https:\/\/clinicalaveterinaria.it\/es\/#website"},"primaryImageOfPage":{"@id":"https:\/\/clinicalaveterinaria.it\/es\/inapetencia-por-calor-en-perros-que-alimentos-darles-de-forma-equilibrada\/#primaryimage"},"image":{"@id":"https:\/\/clinicalaveterinaria.it\/es\/inapetencia-por-calor-en-perros-que-alimentos-darles-de-forma-equilibrada\/#primaryimage"},"thumbnailUrl":"https:\/\/clinicalaveterinaria.it\/wp-content\/uploads\/2022\/08\/alimentazione-estate.jpg","datePublished":"2022-08-08T09:21:37+00:00","dateModified":"2023-09-14T14:28:47+00:00","description":"\u00bfLe preocupa la t\u00edpica inapetencia estival de su perro? A continuaci\u00f3n te explicamos c\u00f3mo alimentar a tu amigo de cuatro patas de forma equilibrada.","breadcrumb":{"@id":"https:\/\/clinicalaveterinaria.it\/es\/inapetencia-por-calor-en-perros-que-alimentos-darles-de-forma-equilibrada\/#breadcrumb"},"inLanguage":"es","potentialAction":[{"@type":"ReadAction","target":["https:\/\/clinicalaveterinaria.it\/es\/inapetencia-por-calor-en-perros-que-alimentos-darles-de-forma-equilibrada\/"]}]},{"@type":"ImageObject","inLanguage":"es","@id":"https:\/\/clinicalaveterinaria.it\/es\/inapetencia-por-calor-en-perros-que-alimentos-darles-de-forma-equilibrada\/#primaryimage","url":"https:\/\/clinicalaveterinaria.it\/wp-content\/uploads\/2022\/08\/alimentazione-estate.jpg","contentUrl":"https:\/\/clinicalaveterinaria.it\/wp-content\/uploads\/2022\/08\/alimentazione-estate.jpg","width":600,"height":302,"caption":"Inappetenza da caldo nel cane | Clinica La Veterinaria"},{"@type":"BreadcrumbList","@id":"https:\/\/clinicalaveterinaria.it\/es\/inapetencia-por-calor-en-perros-que-alimentos-darles-de-forma-equilibrada\/#breadcrumb","itemListElement":[{"@type":"ListItem","position":1,"name":"Home","item":"https:\/\/clinicalaveterinaria.it\/es\/"},{"@type":"ListItem","position":2,"name":"Inapetencia por calor en perros: \u00bfqu\u00e9 alimentos darles de forma equilibrada?"}]},{"@type":"WebSite","@id":"https:\/\/clinicalaveterinaria.it\/es\/#website","url":"https:\/\/clinicalaveterinaria.it\/es\/","name":"Clinica La Veterinaria","description":"Per la gioia di vederli felici","publisher":{"@id":"https:\/\/clinicalaveterinaria.it\/es\/#organization"},"potentialAction":[{"@type":"SearchAction","target":{"@type":"EntryPoint","urlTemplate":"https:\/\/clinicalaveterinaria.it\/es\/?s={search_term_string}"},"query-input":{"@type":"PropertyValueSpecification","valueRequired":true,"valueName":"search_term_string"}}],"inLanguage":"es"},{"@type":"Organization","@id":"https:\/\/clinicalaveterinaria.it\/es\/#organization","name":"Clinica La Veterinaria s.r.l.","url":"https:\/\/clinicalaveterinaria.it\/es\/","logo":{"@type":"ImageObject","inLanguage":"es","@id":"https:\/\/clinicalaveterinaria.it\/es\/#\/schema\/logo\/image\/","url":"https:\/\/clinicalaveterinaria.it\/wp-content\/uploads\/2023\/07\/Favicon_Logo_clinica_la_vetrinaria-01.png","contentUrl":"https:\/\/clinicalaveterinaria.it\/wp-content\/uploads\/2023\/07\/Favicon_Logo_clinica_la_vetrinaria-01.png","width":121,"height":120,"caption":"Clinica La Veterinaria s.r.l."},"image":{"@id":"https:\/\/clinicalaveterinaria.it\/es\/#\/schema\/logo\/image\/"},"sameAs":["https:\/\/www.facebook.com\/clinicalaveterinaria","https:\/\/www.instagram.com\/clinica_la_veterinaria\/"],"description":"Clinica Veterinaria aperta h24 365 giorni all'anno","email":"info@clinicalaveterinaria.it","telephone":"0952190","legalName":"Clinica La Veterinaria s.r.l.","vatID":"05780070875","taxID":"05780070875","numberOfEmployees":{"@type":"QuantitativeValue","minValue":"11","maxValue":"50"},"publishingPrinciples":"https:\/\/clinicalaveterinaria.it\/termini-e-condizioni\/","ownershipFundingInfo":"https:\/\/clinicalaveterinaria.it\/imprint\/","actionableFeedbackPolicy":"https:\/\/clinicalaveterinaria.it\/termini-e-condizioni\/","ethicsPolicy":"https:\/\/clinicalaveterinaria.it\/disconoscimento\/"},{"@type":"Person","@id":"https:\/\/clinicalaveterinaria.it\/es\/#\/schema\/person\/5a4a3711b16a28ccb91003fee10263f7","name":"redazione","image":{"@type":"ImageObject","inLanguage":"es","@id":"https:\/\/secure.gravatar.com\/avatar\/db4240686fe0b7f82258478e83e19eea96e510630cfed54b2889a5bcc04031c0?s=96&d=mm&r=g","url":"https:\/\/secure.gravatar.com\/avatar\/db4240686fe0b7f82258478e83e19eea96e510630cfed54b2889a5bcc04031c0?s=96&d=mm&r=g","contentUrl":"https:\/\/secure.gravatar.com\/avatar\/db4240686fe0b7f82258478e83e19eea96e510630cfed54b2889a5bcc04031c0?s=96&d=mm&r=g","caption":"redazione"}}]}},"_links":{"self":[{"href":"https:\/\/clinicalaveterinaria.it\/es\/wp-json\/wp\/v2\/posts\/29362","targetHints":{"allow":["GET"]}}],"collection":[{"href":"https:\/\/clinicalaveterinaria.it\/es\/wp-json\/wp\/v2\/posts"}],"about":[{"href":"https:\/\/clinicalaveterinaria.it\/es\/wp-json\/wp\/v2\/types\/post"}],"author":[{"embeddable":true,"href":"https:\/\/clinicalaveterinaria.it\/es\/wp-json\/wp\/v2\/users\/5"}],"replies":[{"embeddable":true,"href":"https:\/\/clinicalaveterinaria.it\/es\/wp-json\/wp\/v2\/comments?post=29362"}],"version-history":[{"count":0,"href":"https:\/\/clinicalaveterinaria.it\/es\/wp-json\/wp\/v2\/posts\/29362\/revisions"}],"wp:featuredmedia":[{"embeddable":true,"href":"https:\/\/clinicalaveterinaria.it\/es\/wp-json\/wp\/v2\/media\/35131"}],"wp:attachment":[{"href":"https:\/\/clinicalaveterinaria.it\/es\/wp-json\/wp\/v2\/media?parent=29362"}],"wp:term":[{"taxonomy":"category","embeddable":true,"href":"https:\/\/clinicalaveterinaria.it\/es\/wp-json\/wp\/v2\/categories?post=29362"},{"taxonomy":"post_tag","embeddable":true,"href":"https:\/\/clinicalaveterinaria.it\/es\/wp-json\/wp\/v2\/tags?post=29362"}],"curies":[{"name":"wp","href":"https:\/\/api.w.org\/{rel}","templated":true}]}}