{"id":30191,"date":"2017-04-28T15:47:15","date_gmt":"2017-04-28T15:47:15","guid":{"rendered":"https:\/\/clinicalaveterinaria.it\/el-28-de-abril-se-celebra-el-dia-del-perro-pero-realmente-honramos-a-nuestro-mejor-amigo\/"},"modified":"2023-09-18T09:40:51","modified_gmt":"2023-09-18T09:40:51","slug":"el-28-de-abril-se-celebra-el-dia-del-perro-pero-realmente-honramos-a-nuestro-mejor-amigo","status":"publish","type":"post","link":"https:\/\/clinicalaveterinaria.it\/es\/el-28-de-abril-se-celebra-el-dia-del-perro-pero-realmente-honramos-a-nuestro-mejor-amigo\/","title":{"rendered":"El 28 de abril se celebra el D\u00eda del Perro. Pero, \u00bfrealmente honramos a nuestro mejor amigo?"},"content":{"rendered":"<div class=\"wpb-content-wrapper\"><p>[vc_row][vc_column width=\u00bb3\/12&#8243; is_sticky=\u00bbyes\u00bb sticky_min_width=\u00bb767&#8243; sticky_top=\u00bb110&#8243; sticky_bottom=\u00bb0&#8243; conditional_render=\u00bb%5B%7B%22value_role%22%3A%22administrator%22%7D%5D\u00bb][vc_column_text css=\u00bb.vc_custom_1688036928304{margin-top: 0px !important;margin-bottom: 0px !important;border-top-width: 0px !important;border-bottom-width: 0px !important;padding-top: 0px !important;padding-bottom: 0px !important;}\u00bb]<\/p>\n<p style=\"text-align: center;\"><strong>\u00cdndice<\/strong><\/p>\n<p>[\/vc_column_text]<style>.porto-info-list871dc31092ef276a2adcdadee17cda5b i { font-size: 12px; }<\/style><ul class=\"porto-info-list  porto-info-list871dc31092ef276a2adcdadee17cda5b wpb_custom_6c26ffd09e41b3aede9d3b42cf7c0492\"><li class=\"porto-info-list-item hash-scroll wpb_custom_eade0171093a7591372ccf9372738e3d\"><div class=\"porto-info-list-item-desc\"><a class=\"hash-scroll\" href=\"#Un-legame-lungo-i-millenni\"><strong>1.<\/strong> Un v\u00ednculo milenario<\/a><\/div><\/li><li class=\"porto-info-list-item  wpb_custom_eade0171093a7591372ccf9372738e3d\"><div class=\"porto-info-list-item-desc\"><a class=\"hash-scroll\" href=\"#Le-antiche-civilta-attribuirono-al-cane-ruoli-e-qualita-magiche-o-mistiche\"><strong>2.<\/strong> Las civilizaciones antiguas atribu\u00edan al perro funciones y cualidades m\u00e1gicas o m\u00edsticas.<\/a><\/div><\/li><li class=\"porto-info-list-item  wpb_custom_eade0171093a7591372ccf9372738e3d\"><div class=\"porto-info-list-item-desc\"><a class=\"hash-scroll\" href=\"#Cosa-e-cambiato-dalle-origini-ai-giorni-nostri\"><strong>3.<\/strong> Qu\u00e9 ha cambiado desde sus or\u00edgenes hasta la actualidad<\/a><\/div><\/li><li class=\"porto-info-list-item  wpb_custom_eade0171093a7591372ccf9372738e3d\"><div class=\"porto-info-list-item-desc\"><a class=\"hash-scroll\" href=\"#Il-gesto-deplorevole-della-sperimentazione-animale-all-origine-della-Festa-del-Cane\"><strong>4.<\/strong> El deplorable acto de experimentaci\u00f3n animal en el origen del D\u00eda del Perro<\/a><\/div><\/li><li class=\"porto-info-list-item  wpb_custom_eade0171093a7591372ccf9372738e3d\"><div class=\"porto-info-list-item-desc\"><a class=\"hash-scroll\" href=\"#Ma-l-uomo-e-davvero-amico-del-cane\"><strong>5.<\/strong> Pero, \u00bfes realmente el hombre amigo del perro?<\/a><\/div><\/li><li class=\"porto-info-list-item  wpb_custom_eade0171093a7591372ccf9372738e3d\"><div class=\"porto-info-list-item-desc\"><a class=\"hash-scroll\" href=\"#L-approccio-cognitivo\"><strong>6.<\/strong> El enfoque cognitivo<\/a><\/div><\/li><li class=\"porto-info-list-item  wpb_custom_eade0171093a7591372ccf9372738e3d\"><div class=\"porto-info-list-item-desc\"><a class=\"hash-scroll\" href=\"#Un-valido-alleato-per-conoscere-e-comprendere-davvero-il-cane\"><strong>7.<\/strong> Un valioso aliado para conocer y comprender realmente al perro<\/a><\/div><\/li><\/ul>[\/vc_column][vc_column width=\u00bb9\/12&#8243;][vc_column_text]<\/p>\n<h3>El 28 de abril es el D\u00eda del Perro, una jornada dedicada al \u00abmejor amigo del hombre\u00bb y a este fant\u00e1stico v\u00ednculo de amistad cuyos or\u00edgenes se pierden en la noche de los tiempos.<\/h3>\n<p>Una relaci\u00f3n \u00fanica entre el hombre y el perro.<\/p>\n<p>Nadie entiende mejor que \u00e9l nuestro estado de \u00e1nimo.<\/p>\n<p>El que con un movimiento de la cola ahuyenta el aburrimiento y la tristeza.<\/p>\n<p>El que siempre saca una sonrisa con sus caras graciosas.<\/p>\n<p>El que siempre est\u00e1 ah\u00ed (excepto los tres minutos en los que vac\u00eda el cuenco).<\/p>\n<p>Simple y extraordinariamente \u00e9l: EL PERRO.<\/p>\n<p>Una amistad que damos por sentada y que incluso nuestros antepasados ya comprend\u00edan.<\/p>\n<h4 id=\"Un-legame-lungo-i-millenni\">Un v\u00ednculo milenario<\/h4>\n<p>El perro es un mam\u00edfero carn\u00edvoro cuyo ancestro es el lobo, del que se ha ido distinguiendo progresivamente a trav\u00e9s de un proceso de selecci\u00f3n y domesticaci\u00f3n.<\/p>\n<p>Un v\u00ednculo, el del hombre y el perro, que hunde sus ra\u00edces en la prehistoria: f\u00f3siles de hace m\u00e1s de 30.000 a\u00f1os atestiguan que el antepasado del perro ya estaba presente e integrado en la primitiva sociedad humana.<\/p>\n<h4 id=\"Le-antiche-civilta-attribuirono-al-cane-ruoli-e-qualita-magiche-o-mistiche\">Las civilizaciones antiguas atribu\u00edan al perro funciones y cualidades m\u00e1gicas o m\u00edsticas.<\/h4>\n<p>En los egipcios, el dios <strong>Anubis<\/strong>, guardi\u00e1n de los lugares de enterramiento, juez y protector de los muertos, se representaba en forma de c\u00e1nido.<\/p>\n<p>En la mitolog\u00eda grecorromana, el perro era considerado compa\u00f1ero y gu\u00eda de las almas de los muertos. <strong>Cerbero<\/strong> es un ejemplo de ello.<\/p>\n<p>Los mongoles, por su parte, cre\u00edan que los perros eran hermanos de los hombres, ya que ambos eran hijos de la gran madre, la pradera, una entidad dotada de alma.<\/p>\n<p>Celtas e irlandeses asociaban a los guerreros con el perro como animal tot\u00e9mico con el que identificarse y en el que inspirarse. El perro <strong>irland\u00e9s<\/strong> no s\u00f3lo les proteg\u00eda en la guerra y la caza, actividades consideradas sagradas, sino que gracias a su saliva milagrosa, capaz de curar muchas enfermedades, se le consideraba un sanador por derecho propio.<\/p>\n<h4 id=\"Cosa-e-cambiato-dalle-origini-ai-giorni-nostri\">Qu\u00e9 ha cambiado desde sus or\u00edgenes hasta la actualidad<\/h4>\n<p>La pareja perro-humano, por tanto, tiene or\u00edgenes muy antiguos.<\/p>\n<p>Sin embargo, en \u00e9pocas m\u00e1s recientes se ha producido un proceso de selecci\u00f3n de razas por el que el hombre ha \u00abdestinado\u00bb al perro a una serie de actividades puramente instrumentales.<\/p>\n<p>De hecho, los cruces han creado individuos con caracter\u00edsticas funcionales espec\u00edficas: perros de caza, de guardia, de pastoreo, de compa\u00f1\u00eda, de guerra, anticaza furtiva y de terapia con mascotas.<\/p>\n<p>Esta utilizaci\u00f3n del perro en un sentido utilitario ha cuestionado fuertemente la alianza desinteresada y afectiva \u00abhombre-animal\u00bb, transform\u00e1ndola en algunos casos en \u00abdominaci\u00f3n\u00bb y \u00abmanipulaci\u00f3n\u00bb, cuya derivaci\u00f3n m\u00e1s terrible es la experimentaci\u00f3n animal.<\/p>\n<h4 id=\"Il-gesto-deplorevole-della-sperimentazione-animale-all-origine-della-Festa-del-Cane\">El deplorable gesto de experimentaci\u00f3n animal en el origen del D\u00eda del Perro<\/h4>\n<p>La elecci\u00f3n de la fecha, el 28 de abril para celebrar el D\u00eda del Perro, no es casual. El 28 de abril se conmemora la \u00abliberaci\u00f3n\u00bb de los cachorros de beagle del lugar de los horrores que es \u00abGreen Hill\u00bb.<\/p>\n<p>La idea del D\u00eda del Perro parti\u00f3 de <strong>Petsblog<\/strong>, que en 2004 lanz\u00f3 una encuesta a sus lectores sobre cu\u00e1l era la fecha adecuada para dedicar a nuestro amigo de cuatro patas, y entre las fechas propuestas estaba el 28 de abril.<\/p>\n<p>La elecci\u00f3n fue un\u00e1nime y el 28 de abril tambi\u00e9n se tom\u00f3 conciencia de que el perro no es un objeto.<\/p>\n<p>El D\u00eda del Perro se convierte as\u00ed en un gesto de compromiso y responsabilidad constantes en defensa de la salud y la dignidad de quienes no tienen voz para hacer valer sus derechos.<\/p>\n<h4 id=\"Ma-l-uomo-e-davvero-amico-del-cane\">Pero, \u00bfes realmente el hombre amigo del perro?<\/h4>\n<p>Si bien es inequ\u00edvoco que el perro es el mejor amigo del hombre, es exagerado decir que, a la inversa, el hombre es el mejor amigo del perro.<\/p>\n<p>Con demasiada frecuencia se considera al perro un ser vivo sin inteligencia, sin emociones, para algunos sin coraz\u00f3n. \u00ab\u00a1Es s\u00f3lo un perro!\u00bb \u00bfCu\u00e1ntas veces hemos o\u00eddo eso?<\/p>\n<p>Pero, afortunadamente, ahora se est\u00e1 produciendo un cambio de tendencia.<\/p>\n<p>En los \u00faltimos a\u00f1os hemos asistido a una revoluci\u00f3n cultural y legislativa en este sentido, con el reconocimiento al amigo de cuatro patas de una dignidad y unos derechos equiparables a los de los seres humanos.<\/p>\n<p>Sin embargo, en lugar de mimar a nuestro compa\u00f1ero de cuatro patas con comida y ropa, deber\u00edamos intentar ser \u00abun poco perro\u00bb de vez en cuando.<\/p>\n<p>Empatizamos con su punto de vista para poder entender y comprender sus necesidades, haciendo todo lo posible para garantizar su bienestar psicof\u00edsico.<\/p>\n<p>Debemos aprender a considerar a los animales como individuos no humanos y sensibles.<\/p>\n<p>Investiga sus mentes para descubrir sus emociones y motivaciones.<\/p>\n<p>En esta tarea fascinante y gratificante, pero complicada, nos ayuda el enfoque cognitivo.<\/p>\n<h4 id=\"L-approccio-cognitivo\">El enfoque cognitivo<\/h4>\n<p>El enfoque cognitivo es una ciencia en la que ahora convergen la psicolog\u00eda, la filosof\u00eda y la etolog\u00eda y que nos proporciona las herramientas para redescubrir y restaurar esa antigua y milenaria relaci\u00f3n emp\u00e1tica que ha unido al hombre y al perro desde el alba de los tiempos y que poco a poco se ha ido deteriorando y corrompiendo.<\/p>\n<p>Las escuelas de pensamiento cognitivo y zooantropol\u00f3gico est\u00e1n contribuyendo a restablecer el valor y la dignidad debidos al ser vivo perro, erradicando las convenciones arcaicas y fan\u00e1ticas seg\u00fan las cuales el animal en general no tiene autonom\u00eda propia de pensamiento.<\/p>\n<h4 id=\"Un-valido-alleato-per-conoscere-e-comprendere-davvero-il-cane\">Un valioso aliado para conocer y comprender realmente al perro<\/h4>\n<p>El educador canino es un profesional que puede ayudarnos a comprender, orientar y gestionar el comportamiento de los perros.<\/p>\n<p>Es el aliado que puede proporcionar toda la informaci\u00f3n necesaria para establecer una relaci\u00f3n correcta con el perro.<\/p>\n<p>De hecho, aunque amamos a los animales, a menudo carecemos de los conocimientos necesarios para garantizar que se respeten sus coordenadas etol\u00f3gicas.<\/p>\n<p><em>Valorar las propensiones del perro, convertirlas en habilidades y oportunidades de enriquecimiento, nutrirlo con relaciones satisfactorias: \u00e9sta es la verdadera celebraci\u00f3n del perro.<\/em><\/p>\n<p><em>Que sea una celebraci\u00f3n del Perro cada d\u00eda, con una relaci\u00f3n aut\u00e9ntica e igualitaria.<\/em><\/p>\n<p><em>Es el regalo m\u00e1s importante y especial que podemos hacer a nuestro mejor amigo.<\/em><\/p>\n<p>&nbsp;<\/p>\n<p><strong>La Cl\u00ednica Veterinaria y su equipo de especialistas, incluidos los adiestradores caninos, est\u00e1n operativos todos los d\u00edas, incluidos los festivos, y las 24 horas del d\u00eda con un Servicio de Urgencias de 20.00 a 8.00 horas.<\/strong><\/p>\n<p><strong>Por la alegr\u00eda de verlos FELICES<\/strong>[\/vc_column_text][\/vc_column][\/vc_row][vc_row][vc_column][vc_column_text]<\/p>\n<p>[\/vc_column_text][\/vc_column][\/vc_row]<\/p>\n<\/div>","protected":false},"excerpt":{"rendered":"<p>28 de abril: D\u00eda del Perro. Una relaci\u00f3n aut\u00e9ntica e igualitaria es el regalo m\u00e1s especial que podemos hacer a nuestro mejor amigo.<\/p>\n","protected":false},"author":5,"featured_media":34852,"comment_status":"closed","ping_status":"closed","sticky":false,"template":"","format":"standard","meta":{"footnotes":""},"categories":[689,651],"tags":[1796,707],"class_list":["post-30191","post","type-post","status-publish","format-standard","has-post-thumbnail","hentry","category-bienestar-animal","category-sin-categorizar","tag-enfoque-cognitivo","tag-perro"],"nelio_content":{"autoShareEndMode":"never","automationSources":{"useCustomSentences":false,"customSentences":[]},"efiAlt":"","efiUrl":"","followers":[],"highlights":[],"isAutoShareEnabled":true,"networkImageIds":[],"permalinkQueryArgs":[],"series":[],"suggestedReferences":[]},"featured_image_src":{"landsacpe":["https:\/\/clinicalaveterinaria.it\/wp-content\/uploads\/2017\/04\/Festa-del-cane.jpg",600,302,false],"list":["https:\/\/clinicalaveterinaria.it\/wp-content\/uploads\/2017\/04\/Festa-del-cane-463x302.jpg",463,302,true],"medium":["https:\/\/clinicalaveterinaria.it\/wp-content\/uploads\/2017\/04\/Festa-del-cane-300x151.jpg",300,151,true],"full":["https:\/\/clinicalaveterinaria.it\/wp-content\/uploads\/2017\/04\/Festa-del-cane.jpg",600,302,false]},"yoast_head":"<!-- This site is optimized with the Yoast SEO Premium plugin v27.4 (Yoast SEO v27.4) - https:\/\/yoast.com\/product\/yoast-seo-premium-wordpress\/ -->\n<title>D\u00eda del perro | Cl\u00ednica La Veterinaria<\/title>\n<meta name=\"description\" content=\"28 de abril: D\u00eda del Perro. Una relaci\u00f3n aut\u00e9ntica e igualitaria es el regalo m\u00e1s especial que podemos hacer a nuestro mejor amigo.\" \/>\n<meta name=\"robots\" content=\"index, follow, max-snippet:-1, max-image-preview:large, max-video-preview:-1\" \/>\n<link rel=\"canonical\" href=\"https:\/\/clinicalaveterinaria.it\/es\/el-28-de-abril-se-celebra-el-dia-del-perro-pero-realmente-honramos-a-nuestro-mejor-amigo\/\" \/>\n<meta property=\"og:locale\" content=\"es_ES\" \/>\n<meta property=\"og:type\" content=\"article\" \/>\n<meta property=\"og:title\" content=\"El 28 de abril se celebra el D\u00eda del Perro. Pero, \u00bfrealmente honramos a nuestro mejor amigo?\" \/>\n<meta property=\"og:description\" content=\"28 de abril: D\u00eda del Perro. Una relaci\u00f3n aut\u00e9ntica e igualitaria es el regalo m\u00e1s especial que podemos hacer a nuestro mejor amigo.\" \/>\n<meta property=\"og:url\" content=\"https:\/\/clinicalaveterinaria.it\/es\/el-28-de-abril-se-celebra-el-dia-del-perro-pero-realmente-honramos-a-nuestro-mejor-amigo\/\" \/>\n<meta property=\"og:site_name\" content=\"Clinica La Veterinaria\" \/>\n<meta property=\"article:publisher\" content=\"https:\/\/www.facebook.com\/clinicalaveterinaria\" \/>\n<meta property=\"article:published_time\" content=\"2017-04-28T15:47:15+00:00\" \/>\n<meta property=\"article:modified_time\" content=\"2023-09-18T09:40:51+00:00\" \/>\n<meta property=\"og:image\" content=\"https:\/\/clinicalaveterinaria.it\/wp-content\/uploads\/2017\/04\/Festa-del-cane.jpg\" \/>\n\t<meta property=\"og:image:width\" content=\"600\" \/>\n\t<meta property=\"og:image:height\" content=\"302\" \/>\n\t<meta property=\"og:image:type\" content=\"image\/jpeg\" \/>\n<meta name=\"author\" content=\"redazione\" \/>\n<meta name=\"twitter:card\" content=\"summary_large_image\" \/>\n<meta name=\"twitter:label1\" content=\"Escrito por\" \/>\n\t<meta name=\"twitter:data1\" content=\"redazione\" \/>\n\t<meta name=\"twitter:label2\" content=\"Tiempo de lectura\" \/>\n\t<meta name=\"twitter:data2\" content=\"7 minutos\" \/>\n<script type=\"application\/ld+json\" class=\"yoast-schema-graph\">{\"@context\":\"https:\\\/\\\/schema.org\",\"@graph\":[{\"@type\":\"Article\",\"@id\":\"https:\\\/\\\/clinicalaveterinaria.it\\\/es\\\/el-28-de-abril-se-celebra-el-dia-del-perro-pero-realmente-honramos-a-nuestro-mejor-amigo\\\/#article\",\"isPartOf\":{\"@id\":\"https:\\\/\\\/clinicalaveterinaria.it\\\/es\\\/el-28-de-abril-se-celebra-el-dia-del-perro-pero-realmente-honramos-a-nuestro-mejor-amigo\\\/\"},\"author\":{\"name\":\"redazione\",\"@id\":\"https:\\\/\\\/clinicalaveterinaria.it\\\/es\\\/#\\\/schema\\\/person\\\/5a4a3711b16a28ccb91003fee10263f7\"},\"headline\":\"El 28 de abril se celebra el D\u00eda del Perro. Pero, \u00bfrealmente honramos a nuestro mejor amigo?\",\"datePublished\":\"2017-04-28T15:47:15+00:00\",\"dateModified\":\"2023-09-18T09:40:51+00:00\",\"mainEntityOfPage\":{\"@id\":\"https:\\\/\\\/clinicalaveterinaria.it\\\/es\\\/el-28-de-abril-se-celebra-el-dia-del-perro-pero-realmente-honramos-a-nuestro-mejor-amigo\\\/\"},\"wordCount\":1354,\"publisher\":{\"@id\":\"https:\\\/\\\/clinicalaveterinaria.it\\\/es\\\/#organization\"},\"image\":{\"@id\":\"https:\\\/\\\/clinicalaveterinaria.it\\\/es\\\/el-28-de-abril-se-celebra-el-dia-del-perro-pero-realmente-honramos-a-nuestro-mejor-amigo\\\/#primaryimage\"},\"thumbnailUrl\":\"https:\\\/\\\/clinicalaveterinaria.it\\\/wp-content\\\/uploads\\\/2017\\\/04\\\/Festa-del-cane.jpg\",\"keywords\":[\"enfoque cognitivo\",\"perro\"],\"articleSection\":[\"Bienestar animal\",\"Sin categorizar\"],\"inLanguage\":\"es\"},{\"@type\":\"WebPage\",\"@id\":\"https:\\\/\\\/clinicalaveterinaria.it\\\/es\\\/el-28-de-abril-se-celebra-el-dia-del-perro-pero-realmente-honramos-a-nuestro-mejor-amigo\\\/\",\"url\":\"https:\\\/\\\/clinicalaveterinaria.it\\\/es\\\/el-28-de-abril-se-celebra-el-dia-del-perro-pero-realmente-honramos-a-nuestro-mejor-amigo\\\/\",\"name\":\"D\u00eda del perro | Cl\u00ednica La Veterinaria\",\"isPartOf\":{\"@id\":\"https:\\\/\\\/clinicalaveterinaria.it\\\/es\\\/#website\"},\"primaryImageOfPage\":{\"@id\":\"https:\\\/\\\/clinicalaveterinaria.it\\\/es\\\/el-28-de-abril-se-celebra-el-dia-del-perro-pero-realmente-honramos-a-nuestro-mejor-amigo\\\/#primaryimage\"},\"image\":{\"@id\":\"https:\\\/\\\/clinicalaveterinaria.it\\\/es\\\/el-28-de-abril-se-celebra-el-dia-del-perro-pero-realmente-honramos-a-nuestro-mejor-amigo\\\/#primaryimage\"},\"thumbnailUrl\":\"https:\\\/\\\/clinicalaveterinaria.it\\\/wp-content\\\/uploads\\\/2017\\\/04\\\/Festa-del-cane.jpg\",\"datePublished\":\"2017-04-28T15:47:15+00:00\",\"dateModified\":\"2023-09-18T09:40:51+00:00\",\"description\":\"28 de abril: D\u00eda del Perro. Una relaci\u00f3n aut\u00e9ntica e igualitaria es el regalo m\u00e1s especial que podemos hacer a nuestro mejor amigo.\",\"breadcrumb\":{\"@id\":\"https:\\\/\\\/clinicalaveterinaria.it\\\/es\\\/el-28-de-abril-se-celebra-el-dia-del-perro-pero-realmente-honramos-a-nuestro-mejor-amigo\\\/#breadcrumb\"},\"inLanguage\":\"es\",\"potentialAction\":[{\"@type\":\"ReadAction\",\"target\":[\"https:\\\/\\\/clinicalaveterinaria.it\\\/es\\\/el-28-de-abril-se-celebra-el-dia-del-perro-pero-realmente-honramos-a-nuestro-mejor-amigo\\\/\"]}]},{\"@type\":\"ImageObject\",\"inLanguage\":\"es\",\"@id\":\"https:\\\/\\\/clinicalaveterinaria.it\\\/es\\\/el-28-de-abril-se-celebra-el-dia-del-perro-pero-realmente-honramos-a-nuestro-mejor-amigo\\\/#primaryimage\",\"url\":\"https:\\\/\\\/clinicalaveterinaria.it\\\/wp-content\\\/uploads\\\/2017\\\/04\\\/Festa-del-cane.jpg\",\"contentUrl\":\"https:\\\/\\\/clinicalaveterinaria.it\\\/wp-content\\\/uploads\\\/2017\\\/04\\\/Festa-del-cane.jpg\",\"width\":600,\"height\":302,\"caption\":\"Festa del cane | Clinica La Veterinaria\"},{\"@type\":\"BreadcrumbList\",\"@id\":\"https:\\\/\\\/clinicalaveterinaria.it\\\/es\\\/el-28-de-abril-se-celebra-el-dia-del-perro-pero-realmente-honramos-a-nuestro-mejor-amigo\\\/#breadcrumb\",\"itemListElement\":[{\"@type\":\"ListItem\",\"position\":1,\"name\":\"Home\",\"item\":\"https:\\\/\\\/clinicalaveterinaria.it\\\/es\\\/\"},{\"@type\":\"ListItem\",\"position\":2,\"name\":\"El 28 de abril se celebra el D\u00eda del Perro. Pero, \u00bfrealmente honramos a nuestro mejor amigo?\"}]},{\"@type\":\"WebSite\",\"@id\":\"https:\\\/\\\/clinicalaveterinaria.it\\\/es\\\/#website\",\"url\":\"https:\\\/\\\/clinicalaveterinaria.it\\\/es\\\/\",\"name\":\"Clinica La Veterinaria\",\"description\":\"Per la gioia di vederli felici\",\"publisher\":{\"@id\":\"https:\\\/\\\/clinicalaveterinaria.it\\\/es\\\/#organization\"},\"potentialAction\":[{\"@type\":\"SearchAction\",\"target\":{\"@type\":\"EntryPoint\",\"urlTemplate\":\"https:\\\/\\\/clinicalaveterinaria.it\\\/es\\\/?s={search_term_string}\"},\"query-input\":{\"@type\":\"PropertyValueSpecification\",\"valueRequired\":true,\"valueName\":\"search_term_string\"}}],\"inLanguage\":\"es\"},{\"@type\":\"Organization\",\"@id\":\"https:\\\/\\\/clinicalaveterinaria.it\\\/es\\\/#organization\",\"name\":\"Clinica La Veterinaria s.r.l.\",\"url\":\"https:\\\/\\\/clinicalaveterinaria.it\\\/es\\\/\",\"logo\":{\"@type\":\"ImageObject\",\"inLanguage\":\"es\",\"@id\":\"https:\\\/\\\/clinicalaveterinaria.it\\\/es\\\/#\\\/schema\\\/logo\\\/image\\\/\",\"url\":\"https:\\\/\\\/clinicalaveterinaria.it\\\/wp-content\\\/uploads\\\/2023\\\/07\\\/Favicon_Logo_clinica_la_vetrinaria-01.png\",\"contentUrl\":\"https:\\\/\\\/clinicalaveterinaria.it\\\/wp-content\\\/uploads\\\/2023\\\/07\\\/Favicon_Logo_clinica_la_vetrinaria-01.png\",\"width\":121,\"height\":120,\"caption\":\"Clinica La Veterinaria s.r.l.\"},\"image\":{\"@id\":\"https:\\\/\\\/clinicalaveterinaria.it\\\/es\\\/#\\\/schema\\\/logo\\\/image\\\/\"},\"sameAs\":[\"https:\\\/\\\/www.facebook.com\\\/clinicalaveterinaria\",\"https:\\\/\\\/www.instagram.com\\\/clinica_la_veterinaria\\\/\"],\"description\":\"Clinica Veterinaria aperta h24 365 giorni all'anno\",\"email\":\"info@clinicalaveterinaria.it\",\"telephone\":\"0952190\",\"legalName\":\"Clinica La Veterinaria s.r.l.\",\"vatID\":\"05780070875\",\"taxID\":\"05780070875\",\"numberOfEmployees\":{\"@type\":\"QuantitativeValue\",\"minValue\":\"11\",\"maxValue\":\"50\"},\"publishingPrinciples\":\"https:\\\/\\\/clinicalaveterinaria.it\\\/termini-e-condizioni\\\/\",\"ownershipFundingInfo\":\"https:\\\/\\\/clinicalaveterinaria.it\\\/imprint\\\/\",\"actionableFeedbackPolicy\":\"https:\\\/\\\/clinicalaveterinaria.it\\\/termini-e-condizioni\\\/\",\"ethicsPolicy\":\"https:\\\/\\\/clinicalaveterinaria.it\\\/disconoscimento\\\/\"},{\"@type\":\"Person\",\"@id\":\"https:\\\/\\\/clinicalaveterinaria.it\\\/es\\\/#\\\/schema\\\/person\\\/5a4a3711b16a28ccb91003fee10263f7\",\"name\":\"redazione\",\"image\":{\"@type\":\"ImageObject\",\"inLanguage\":\"es\",\"@id\":\"https:\\\/\\\/secure.gravatar.com\\\/avatar\\\/db4240686fe0b7f82258478e83e19eea96e510630cfed54b2889a5bcc04031c0?s=96&d=mm&r=g\",\"url\":\"https:\\\/\\\/secure.gravatar.com\\\/avatar\\\/db4240686fe0b7f82258478e83e19eea96e510630cfed54b2889a5bcc04031c0?s=96&d=mm&r=g\",\"contentUrl\":\"https:\\\/\\\/secure.gravatar.com\\\/avatar\\\/db4240686fe0b7f82258478e83e19eea96e510630cfed54b2889a5bcc04031c0?s=96&d=mm&r=g\",\"caption\":\"redazione\"}}]}<\/script>\n<!-- \/ Yoast SEO Premium plugin. -->","yoast_head_json":{"title":"D\u00eda del perro | Cl\u00ednica La Veterinaria","description":"28 de abril: D\u00eda del Perro. Una relaci\u00f3n aut\u00e9ntica e igualitaria es el regalo m\u00e1s especial que podemos hacer a nuestro mejor amigo.","robots":{"index":"index","follow":"follow","max-snippet":"max-snippet:-1","max-image-preview":"max-image-preview:large","max-video-preview":"max-video-preview:-1"},"canonical":"https:\/\/clinicalaveterinaria.it\/es\/el-28-de-abril-se-celebra-el-dia-del-perro-pero-realmente-honramos-a-nuestro-mejor-amigo\/","og_locale":"es_ES","og_type":"article","og_title":"El 28 de abril se celebra el D\u00eda del Perro. Pero, \u00bfrealmente honramos a nuestro mejor amigo?","og_description":"28 de abril: D\u00eda del Perro. Una relaci\u00f3n aut\u00e9ntica e igualitaria es el regalo m\u00e1s especial que podemos hacer a nuestro mejor amigo.","og_url":"https:\/\/clinicalaveterinaria.it\/es\/el-28-de-abril-se-celebra-el-dia-del-perro-pero-realmente-honramos-a-nuestro-mejor-amigo\/","og_site_name":"Clinica La Veterinaria","article_publisher":"https:\/\/www.facebook.com\/clinicalaveterinaria","article_published_time":"2017-04-28T15:47:15+00:00","article_modified_time":"2023-09-18T09:40:51+00:00","og_image":[{"width":600,"height":302,"url":"https:\/\/clinicalaveterinaria.it\/wp-content\/uploads\/2017\/04\/Festa-del-cane.jpg","type":"image\/jpeg"}],"author":"redazione","twitter_card":"summary_large_image","twitter_misc":{"Escrito por":"redazione","Tiempo de lectura":"7 minutos"},"schema":{"@context":"https:\/\/schema.org","@graph":[{"@type":"Article","@id":"https:\/\/clinicalaveterinaria.it\/es\/el-28-de-abril-se-celebra-el-dia-del-perro-pero-realmente-honramos-a-nuestro-mejor-amigo\/#article","isPartOf":{"@id":"https:\/\/clinicalaveterinaria.it\/es\/el-28-de-abril-se-celebra-el-dia-del-perro-pero-realmente-honramos-a-nuestro-mejor-amigo\/"},"author":{"name":"redazione","@id":"https:\/\/clinicalaveterinaria.it\/es\/#\/schema\/person\/5a4a3711b16a28ccb91003fee10263f7"},"headline":"El 28 de abril se celebra el D\u00eda del Perro. Pero, \u00bfrealmente honramos a nuestro mejor amigo?","datePublished":"2017-04-28T15:47:15+00:00","dateModified":"2023-09-18T09:40:51+00:00","mainEntityOfPage":{"@id":"https:\/\/clinicalaveterinaria.it\/es\/el-28-de-abril-se-celebra-el-dia-del-perro-pero-realmente-honramos-a-nuestro-mejor-amigo\/"},"wordCount":1354,"publisher":{"@id":"https:\/\/clinicalaveterinaria.it\/es\/#organization"},"image":{"@id":"https:\/\/clinicalaveterinaria.it\/es\/el-28-de-abril-se-celebra-el-dia-del-perro-pero-realmente-honramos-a-nuestro-mejor-amigo\/#primaryimage"},"thumbnailUrl":"https:\/\/clinicalaveterinaria.it\/wp-content\/uploads\/2017\/04\/Festa-del-cane.jpg","keywords":["enfoque cognitivo","perro"],"articleSection":["Bienestar animal","Sin categorizar"],"inLanguage":"es"},{"@type":"WebPage","@id":"https:\/\/clinicalaveterinaria.it\/es\/el-28-de-abril-se-celebra-el-dia-del-perro-pero-realmente-honramos-a-nuestro-mejor-amigo\/","url":"https:\/\/clinicalaveterinaria.it\/es\/el-28-de-abril-se-celebra-el-dia-del-perro-pero-realmente-honramos-a-nuestro-mejor-amigo\/","name":"D\u00eda del perro | Cl\u00ednica La Veterinaria","isPartOf":{"@id":"https:\/\/clinicalaveterinaria.it\/es\/#website"},"primaryImageOfPage":{"@id":"https:\/\/clinicalaveterinaria.it\/es\/el-28-de-abril-se-celebra-el-dia-del-perro-pero-realmente-honramos-a-nuestro-mejor-amigo\/#primaryimage"},"image":{"@id":"https:\/\/clinicalaveterinaria.it\/es\/el-28-de-abril-se-celebra-el-dia-del-perro-pero-realmente-honramos-a-nuestro-mejor-amigo\/#primaryimage"},"thumbnailUrl":"https:\/\/clinicalaveterinaria.it\/wp-content\/uploads\/2017\/04\/Festa-del-cane.jpg","datePublished":"2017-04-28T15:47:15+00:00","dateModified":"2023-09-18T09:40:51+00:00","description":"28 de abril: D\u00eda del Perro. Una relaci\u00f3n aut\u00e9ntica e igualitaria es el regalo m\u00e1s especial que podemos hacer a nuestro mejor amigo.","breadcrumb":{"@id":"https:\/\/clinicalaveterinaria.it\/es\/el-28-de-abril-se-celebra-el-dia-del-perro-pero-realmente-honramos-a-nuestro-mejor-amigo\/#breadcrumb"},"inLanguage":"es","potentialAction":[{"@type":"ReadAction","target":["https:\/\/clinicalaveterinaria.it\/es\/el-28-de-abril-se-celebra-el-dia-del-perro-pero-realmente-honramos-a-nuestro-mejor-amigo\/"]}]},{"@type":"ImageObject","inLanguage":"es","@id":"https:\/\/clinicalaveterinaria.it\/es\/el-28-de-abril-se-celebra-el-dia-del-perro-pero-realmente-honramos-a-nuestro-mejor-amigo\/#primaryimage","url":"https:\/\/clinicalaveterinaria.it\/wp-content\/uploads\/2017\/04\/Festa-del-cane.jpg","contentUrl":"https:\/\/clinicalaveterinaria.it\/wp-content\/uploads\/2017\/04\/Festa-del-cane.jpg","width":600,"height":302,"caption":"Festa del cane | Clinica La Veterinaria"},{"@type":"BreadcrumbList","@id":"https:\/\/clinicalaveterinaria.it\/es\/el-28-de-abril-se-celebra-el-dia-del-perro-pero-realmente-honramos-a-nuestro-mejor-amigo\/#breadcrumb","itemListElement":[{"@type":"ListItem","position":1,"name":"Home","item":"https:\/\/clinicalaveterinaria.it\/es\/"},{"@type":"ListItem","position":2,"name":"El 28 de abril se celebra el D\u00eda del Perro. Pero, \u00bfrealmente honramos a nuestro mejor amigo?"}]},{"@type":"WebSite","@id":"https:\/\/clinicalaveterinaria.it\/es\/#website","url":"https:\/\/clinicalaveterinaria.it\/es\/","name":"Clinica La Veterinaria","description":"Per la gioia di vederli felici","publisher":{"@id":"https:\/\/clinicalaveterinaria.it\/es\/#organization"},"potentialAction":[{"@type":"SearchAction","target":{"@type":"EntryPoint","urlTemplate":"https:\/\/clinicalaveterinaria.it\/es\/?s={search_term_string}"},"query-input":{"@type":"PropertyValueSpecification","valueRequired":true,"valueName":"search_term_string"}}],"inLanguage":"es"},{"@type":"Organization","@id":"https:\/\/clinicalaveterinaria.it\/es\/#organization","name":"Clinica La Veterinaria s.r.l.","url":"https:\/\/clinicalaveterinaria.it\/es\/","logo":{"@type":"ImageObject","inLanguage":"es","@id":"https:\/\/clinicalaveterinaria.it\/es\/#\/schema\/logo\/image\/","url":"https:\/\/clinicalaveterinaria.it\/wp-content\/uploads\/2023\/07\/Favicon_Logo_clinica_la_vetrinaria-01.png","contentUrl":"https:\/\/clinicalaveterinaria.it\/wp-content\/uploads\/2023\/07\/Favicon_Logo_clinica_la_vetrinaria-01.png","width":121,"height":120,"caption":"Clinica La Veterinaria s.r.l."},"image":{"@id":"https:\/\/clinicalaveterinaria.it\/es\/#\/schema\/logo\/image\/"},"sameAs":["https:\/\/www.facebook.com\/clinicalaveterinaria","https:\/\/www.instagram.com\/clinica_la_veterinaria\/"],"description":"Clinica Veterinaria aperta h24 365 giorni all'anno","email":"info@clinicalaveterinaria.it","telephone":"0952190","legalName":"Clinica La Veterinaria s.r.l.","vatID":"05780070875","taxID":"05780070875","numberOfEmployees":{"@type":"QuantitativeValue","minValue":"11","maxValue":"50"},"publishingPrinciples":"https:\/\/clinicalaveterinaria.it\/termini-e-condizioni\/","ownershipFundingInfo":"https:\/\/clinicalaveterinaria.it\/imprint\/","actionableFeedbackPolicy":"https:\/\/clinicalaveterinaria.it\/termini-e-condizioni\/","ethicsPolicy":"https:\/\/clinicalaveterinaria.it\/disconoscimento\/"},{"@type":"Person","@id":"https:\/\/clinicalaveterinaria.it\/es\/#\/schema\/person\/5a4a3711b16a28ccb91003fee10263f7","name":"redazione","image":{"@type":"ImageObject","inLanguage":"es","@id":"https:\/\/secure.gravatar.com\/avatar\/db4240686fe0b7f82258478e83e19eea96e510630cfed54b2889a5bcc04031c0?s=96&d=mm&r=g","url":"https:\/\/secure.gravatar.com\/avatar\/db4240686fe0b7f82258478e83e19eea96e510630cfed54b2889a5bcc04031c0?s=96&d=mm&r=g","contentUrl":"https:\/\/secure.gravatar.com\/avatar\/db4240686fe0b7f82258478e83e19eea96e510630cfed54b2889a5bcc04031c0?s=96&d=mm&r=g","caption":"redazione"}}]}},"_links":{"self":[{"href":"https:\/\/clinicalaveterinaria.it\/es\/wp-json\/wp\/v2\/posts\/30191","targetHints":{"allow":["GET"]}}],"collection":[{"href":"https:\/\/clinicalaveterinaria.it\/es\/wp-json\/wp\/v2\/posts"}],"about":[{"href":"https:\/\/clinicalaveterinaria.it\/es\/wp-json\/wp\/v2\/types\/post"}],"author":[{"embeddable":true,"href":"https:\/\/clinicalaveterinaria.it\/es\/wp-json\/wp\/v2\/users\/5"}],"replies":[{"embeddable":true,"href":"https:\/\/clinicalaveterinaria.it\/es\/wp-json\/wp\/v2\/comments?post=30191"}],"version-history":[{"count":0,"href":"https:\/\/clinicalaveterinaria.it\/es\/wp-json\/wp\/v2\/posts\/30191\/revisions"}],"wp:featuredmedia":[{"embeddable":true,"href":"https:\/\/clinicalaveterinaria.it\/es\/wp-json\/wp\/v2\/media\/34852"}],"wp:attachment":[{"href":"https:\/\/clinicalaveterinaria.it\/es\/wp-json\/wp\/v2\/media?parent=30191"}],"wp:term":[{"taxonomy":"category","embeddable":true,"href":"https:\/\/clinicalaveterinaria.it\/es\/wp-json\/wp\/v2\/categories?post=30191"},{"taxonomy":"post_tag","embeddable":true,"href":"https:\/\/clinicalaveterinaria.it\/es\/wp-json\/wp\/v2\/tags?post=30191"}],"curies":[{"name":"wp","href":"https:\/\/api.w.org\/{rel}","templated":true}]}}