{"id":36778,"date":"2024-03-21T07:59:16","date_gmt":"2024-03-21T07:59:16","guid":{"rendered":"https:\/\/clinicalaveterinaria.it\/dia-forestal-todas-las-razones-para-proteger-los-bosques\/"},"modified":"2024-04-11T08:14:31","modified_gmt":"2024-04-11T08:14:31","slug":"dia-forestal-todas-las-razones-para-proteger-los-bosques","status":"publish","type":"post","link":"https:\/\/clinicalaveterinaria.it\/es\/dia-forestal-todas-las-razones-para-proteger-los-bosques\/","title":{"rendered":"D\u00eda Forestal: todas las razones para proteger los bosques"},"content":{"rendered":"<div class=\"wpb-content-wrapper\"><p>[vc_row][vc_column][vc_column_text]<\/p>\n<h3>D\u00eda Internacional de los Bosques: todas las razones para protegerlos si te importa seguir viviendo en este planeta.<\/h3>\n<p>Los bosques, el ecosistema con mayor biodiversidad, albergan el 80% de todas las especies vivas de animales, plantas e insectos.<\/p>\n<p>Aunque son fundamentales para la supervivencia del planeta, los estamos destruyendo.<\/p>\n<p>Hoy se sabe que la gesti\u00f3n sostenible de los bosques es esencial para combatir el cambio clim\u00e1tico.<\/p>\n<h4>Los bosques desempe\u00f1an un papel esencial en la regulaci\u00f3n del clima, pero est\u00e1n constantemente amenazados<\/h4>\n<p>Los \u00e1rboles y las plantas absorben cada a\u00f1o unos dos mil millones de toneladas de di\u00f3xido de carbono (CO2) de la atm\u00f3sfera mediante la fotos\u00edntesis.<\/p>\n<p>Mitigan el clima al liberar grandes cantidades de vapor de agua a la atm\u00f3sfera con un efecto refrigerante en el entorno.<\/p>\n<p>Sin embargo, a pesar de su papel vital en la captura de di\u00f3xido de carbono, los bosques siguen degrad\u00e1ndose y erradic\u00e1ndose como consecuencia de decisiones pol\u00edticas y econ\u00f3micas que ya no son sostenibles.<\/p>\n<p>La deforestaci\u00f3n, los incendios, la desertizaci\u00f3n y la expansi\u00f3n de las zonas urbanas y agr\u00edcolas aceleran la p\u00e9rdida de biodiversidad y agravan el ya desastroso cambio clim\u00e1tico en curso.<\/p>\n<h4>Lo que cada uno de nosotros puede hacer: un comportamiento virtuoso<\/h4>\n<p lang=\"it-it\" xml:lang=\"it-it\"><strong>-Reducir el consumo de carne<\/strong><\/p>\n<p lang=\"it-it\" xml:lang=\"it-it\">Una de las principales causas de <strong>la deforestaci\u00f3n <\/strong>es la ganader\u00eda: se talan muchos \u00e1rboles para hacer sitio a campos agr\u00edcolas destinados a la producci\u00f3n de heno, grano y plantas de soja para cerdos y ganado.<\/p>\n<p lang=\"it-it\" xml:lang=\"it-it\"><strong>-Apoya proyectos de reforestaci\u00f3n<\/strong><\/p>\n<p lang=\"it-it\" xml:lang=\"it-it\">Reforestaci\u00f3n o <strong>repoblaci\u00f3n forestal <\/strong>es el proceso por el cual un lugar que ha estado desprovisto de vegetaci\u00f3n durante mucho tiempo se cubre de \u00e1rboles y arbustos adecuados para esa zona (normalmente especies aut\u00f3ctonas).<\/p>\n<p lang=\"it-it\" xml:lang=\"it-it\"><strong>-Tomar decisiones sostenibles y adoptar comportamientos respetuosos con el medio ambiente.<\/strong><\/p>\n<p lang=\"it-it\" xml:lang=\"it-it\">Reciclaje, reutilizaci\u00f3n de materiales de producci\u00f3n, uso de fuentes de energ\u00eda renovables: vivir de forma sostenible desde el punto de vista medioambiental significa fomentar la renovaci\u00f3n continua de los recursos. Evitar los residuos, limitar al m\u00e1ximo la emisi\u00f3n de di\u00f3xido de carbono y la dispersi\u00f3n de sustancias contaminantes como el pl\u00e1stico.<\/p>\n<p><em><strong>En resumen: o ecosostenibilidad o extinci\u00f3n. Hazlo t\u00fa.<\/strong><\/em>[\/vc_column_text][\/vc_column][\/vc_row]<\/p>\n<\/div>","protected":false},"excerpt":{"rendered":"<p>La importancia de los bosques para el equilibrio del planeta y para la vida de todas las especies vivas: es necesario tomar medidas urgentes para detener la deforestaci\u00f3n.<\/p>\n","protected":false},"author":5,"featured_media":36665,"comment_status":"closed","ping_status":"closed","sticky":false,"template":"","format":"standard","meta":{"footnotes":""},"categories":[1895],"tags":[1902,2243,2241,2242],"class_list":["post-36778","post","type-post","status-publish","format-standard","has-post-thumbnail","hentry","category-informe","tag-biodiversidad","tag-cambio-climatico","tag-deforestacion","tag-respetuoso-con-el-medio-ambiente"],"nelio_content":{"autoShareEndMode":"never","automationSources":{"useCustomSentences":false,"customSentences":[]},"efiAlt":"","efiUrl":"","followers":[],"highlights":[],"isAutoShareEnabled":true,"networkImageIds":[],"permalinkQueryArgs":[],"series":[],"suggestedReferences":[]},"featured_image_src":{"landsacpe":["https:\/\/clinicalaveterinaria.it\/wp-content\/uploads\/2024\/01\/Giornata-internazionale-delle-foreste_Clinica-La-Veterinaria.jpg",600,302,false],"list":["https:\/\/clinicalaveterinaria.it\/wp-content\/uploads\/2024\/01\/Giornata-internazionale-delle-foreste_Clinica-La-Veterinaria-463x302.jpg",463,302,true],"medium":["https:\/\/clinicalaveterinaria.it\/wp-content\/uploads\/2024\/01\/Giornata-internazionale-delle-foreste_Clinica-La-Veterinaria-300x151.jpg",300,151,true],"full":["https:\/\/clinicalaveterinaria.it\/wp-content\/uploads\/2024\/01\/Giornata-internazionale-delle-foreste_Clinica-La-Veterinaria.jpg",600,302,false]},"yoast_head":"<!-- This site is optimized with the Yoast SEO Premium plugin v27.4 (Yoast SEO v27.4) - https:\/\/yoast.com\/product\/yoast-seo-premium-wordpress\/ -->\n<title>D\u00eda del Bosque | Cl\u00ednica La Veterinaria<\/title>\n<meta name=\"description\" content=\"La importancia de los bosques para garantizar la existencia de todas las especies vivas: se necesitan medidas urgentes contra la deforestaci\u00f3n.\" \/>\n<meta name=\"robots\" content=\"index, follow, max-snippet:-1, max-image-preview:large, max-video-preview:-1\" \/>\n<link rel=\"canonical\" href=\"https:\/\/clinicalaveterinaria.it\/es\/dia-forestal-todas-las-razones-para-proteger-los-bosques\/\" \/>\n<meta property=\"og:locale\" content=\"es_ES\" \/>\n<meta property=\"og:type\" content=\"article\" \/>\n<meta property=\"og:title\" content=\"D\u00eda Forestal: todas las razones para proteger los bosques\" \/>\n<meta property=\"og:description\" content=\"La importancia de los bosques para garantizar la existencia de todas las especies vivas: se necesitan medidas urgentes contra la deforestaci\u00f3n.\" \/>\n<meta property=\"og:url\" content=\"https:\/\/clinicalaveterinaria.it\/es\/dia-forestal-todas-las-razones-para-proteger-los-bosques\/\" \/>\n<meta property=\"og:site_name\" content=\"Clinica La Veterinaria\" \/>\n<meta property=\"article:publisher\" content=\"https:\/\/www.facebook.com\/clinicalaveterinaria\" \/>\n<meta property=\"article:published_time\" content=\"2024-03-21T07:59:16+00:00\" \/>\n<meta property=\"article:modified_time\" content=\"2024-04-11T08:14:31+00:00\" \/>\n<meta property=\"og:image\" content=\"https:\/\/clinicalaveterinaria.it\/wp-content\/uploads\/2024\/01\/Giornata-internazionale-delle-foreste_Clinica-La-Veterinaria.jpg\" \/>\n\t<meta property=\"og:image:width\" content=\"600\" \/>\n\t<meta property=\"og:image:height\" content=\"302\" \/>\n\t<meta property=\"og:image:type\" content=\"image\/jpeg\" \/>\n<meta name=\"author\" content=\"redazione\" \/>\n<meta name=\"twitter:card\" content=\"summary_large_image\" \/>\n<meta name=\"twitter:label1\" content=\"Escrito por\" \/>\n\t<meta name=\"twitter:data1\" content=\"redazione\" \/>\n\t<meta name=\"twitter:label2\" content=\"Tiempo de lectura\" \/>\n\t<meta name=\"twitter:data2\" content=\"2 minutos\" \/>\n<script type=\"application\/ld+json\" class=\"yoast-schema-graph\">{\"@context\":\"https:\\\/\\\/schema.org\",\"@graph\":[{\"@type\":\"Article\",\"@id\":\"https:\\\/\\\/clinicalaveterinaria.it\\\/es\\\/dia-forestal-todas-las-razones-para-proteger-los-bosques\\\/#article\",\"isPartOf\":{\"@id\":\"https:\\\/\\\/clinicalaveterinaria.it\\\/es\\\/dia-forestal-todas-las-razones-para-proteger-los-bosques\\\/\"},\"author\":{\"name\":\"redazione\",\"@id\":\"https:\\\/\\\/clinicalaveterinaria.it\\\/es\\\/#\\\/schema\\\/person\\\/5a4a3711b16a28ccb91003fee10263f7\"},\"headline\":\"D\u00eda Forestal: todas las razones para proteger los bosques\",\"datePublished\":\"2024-03-21T07:59:16+00:00\",\"dateModified\":\"2024-04-11T08:14:31+00:00\",\"mainEntityOfPage\":{\"@id\":\"https:\\\/\\\/clinicalaveterinaria.it\\\/es\\\/dia-forestal-todas-las-razones-para-proteger-los-bosques\\\/\"},\"wordCount\":413,\"publisher\":{\"@id\":\"https:\\\/\\\/clinicalaveterinaria.it\\\/es\\\/#organization\"},\"image\":{\"@id\":\"https:\\\/\\\/clinicalaveterinaria.it\\\/es\\\/dia-forestal-todas-las-razones-para-proteger-los-bosques\\\/#primaryimage\"},\"thumbnailUrl\":\"https:\\\/\\\/clinicalaveterinaria.it\\\/wp-content\\\/uploads\\\/2024\\\/01\\\/Giornata-internazionale-delle-foreste_Clinica-La-Veterinaria.jpg\",\"keywords\":[\"biodiversidad\",\"cambio clim\u00e1tico\",\"deforestaci\u00f3n\",\"respetuoso con el medio ambiente\"],\"articleSection\":[\"Informe\"],\"inLanguage\":\"es\"},{\"@type\":\"WebPage\",\"@id\":\"https:\\\/\\\/clinicalaveterinaria.it\\\/es\\\/dia-forestal-todas-las-razones-para-proteger-los-bosques\\\/\",\"url\":\"https:\\\/\\\/clinicalaveterinaria.it\\\/es\\\/dia-forestal-todas-las-razones-para-proteger-los-bosques\\\/\",\"name\":\"D\u00eda del Bosque | Cl\u00ednica La Veterinaria\",\"isPartOf\":{\"@id\":\"https:\\\/\\\/clinicalaveterinaria.it\\\/es\\\/#website\"},\"primaryImageOfPage\":{\"@id\":\"https:\\\/\\\/clinicalaveterinaria.it\\\/es\\\/dia-forestal-todas-las-razones-para-proteger-los-bosques\\\/#primaryimage\"},\"image\":{\"@id\":\"https:\\\/\\\/clinicalaveterinaria.it\\\/es\\\/dia-forestal-todas-las-razones-para-proteger-los-bosques\\\/#primaryimage\"},\"thumbnailUrl\":\"https:\\\/\\\/clinicalaveterinaria.it\\\/wp-content\\\/uploads\\\/2024\\\/01\\\/Giornata-internazionale-delle-foreste_Clinica-La-Veterinaria.jpg\",\"datePublished\":\"2024-03-21T07:59:16+00:00\",\"dateModified\":\"2024-04-11T08:14:31+00:00\",\"description\":\"La importancia de los bosques para garantizar la existencia de todas las especies vivas: se necesitan medidas urgentes contra la deforestaci\u00f3n.\",\"breadcrumb\":{\"@id\":\"https:\\\/\\\/clinicalaveterinaria.it\\\/es\\\/dia-forestal-todas-las-razones-para-proteger-los-bosques\\\/#breadcrumb\"},\"inLanguage\":\"es\",\"potentialAction\":[{\"@type\":\"ReadAction\",\"target\":[\"https:\\\/\\\/clinicalaveterinaria.it\\\/es\\\/dia-forestal-todas-las-razones-para-proteger-los-bosques\\\/\"]}]},{\"@type\":\"ImageObject\",\"inLanguage\":\"es\",\"@id\":\"https:\\\/\\\/clinicalaveterinaria.it\\\/es\\\/dia-forestal-todas-las-razones-para-proteger-los-bosques\\\/#primaryimage\",\"url\":\"https:\\\/\\\/clinicalaveterinaria.it\\\/wp-content\\\/uploads\\\/2024\\\/01\\\/Giornata-internazionale-delle-foreste_Clinica-La-Veterinaria.jpg\",\"contentUrl\":\"https:\\\/\\\/clinicalaveterinaria.it\\\/wp-content\\\/uploads\\\/2024\\\/01\\\/Giornata-internazionale-delle-foreste_Clinica-La-Veterinaria.jpg\",\"width\":600,\"height\":302,\"caption\":\"D\u00eda Internacional de los Bosques | Cl\u00ednica La Veterinaria\"},{\"@type\":\"BreadcrumbList\",\"@id\":\"https:\\\/\\\/clinicalaveterinaria.it\\\/es\\\/dia-forestal-todas-las-razones-para-proteger-los-bosques\\\/#breadcrumb\",\"itemListElement\":[{\"@type\":\"ListItem\",\"position\":1,\"name\":\"Home\",\"item\":\"https:\\\/\\\/clinicalaveterinaria.it\\\/es\\\/\"},{\"@type\":\"ListItem\",\"position\":2,\"name\":\"D\u00eda Forestal: todas las razones para proteger los bosques\"}]},{\"@type\":\"WebSite\",\"@id\":\"https:\\\/\\\/clinicalaveterinaria.it\\\/es\\\/#website\",\"url\":\"https:\\\/\\\/clinicalaveterinaria.it\\\/es\\\/\",\"name\":\"Clinica La Veterinaria\",\"description\":\"Per la gioia di vederli felici\",\"publisher\":{\"@id\":\"https:\\\/\\\/clinicalaveterinaria.it\\\/es\\\/#organization\"},\"potentialAction\":[{\"@type\":\"SearchAction\",\"target\":{\"@type\":\"EntryPoint\",\"urlTemplate\":\"https:\\\/\\\/clinicalaveterinaria.it\\\/es\\\/?s={search_term_string}\"},\"query-input\":{\"@type\":\"PropertyValueSpecification\",\"valueRequired\":true,\"valueName\":\"search_term_string\"}}],\"inLanguage\":\"es\"},{\"@type\":\"Organization\",\"@id\":\"https:\\\/\\\/clinicalaveterinaria.it\\\/es\\\/#organization\",\"name\":\"Clinica La Veterinaria s.r.l.\",\"url\":\"https:\\\/\\\/clinicalaveterinaria.it\\\/es\\\/\",\"logo\":{\"@type\":\"ImageObject\",\"inLanguage\":\"es\",\"@id\":\"https:\\\/\\\/clinicalaveterinaria.it\\\/es\\\/#\\\/schema\\\/logo\\\/image\\\/\",\"url\":\"https:\\\/\\\/clinicalaveterinaria.it\\\/wp-content\\\/uploads\\\/2023\\\/07\\\/Favicon_Logo_clinica_la_vetrinaria-01.png\",\"contentUrl\":\"https:\\\/\\\/clinicalaveterinaria.it\\\/wp-content\\\/uploads\\\/2023\\\/07\\\/Favicon_Logo_clinica_la_vetrinaria-01.png\",\"width\":121,\"height\":120,\"caption\":\"Clinica La Veterinaria s.r.l.\"},\"image\":{\"@id\":\"https:\\\/\\\/clinicalaveterinaria.it\\\/es\\\/#\\\/schema\\\/logo\\\/image\\\/\"},\"sameAs\":[\"https:\\\/\\\/www.facebook.com\\\/clinicalaveterinaria\",\"https:\\\/\\\/www.instagram.com\\\/clinica_la_veterinaria\\\/\"],\"description\":\"Clinica Veterinaria aperta h24 365 giorni all'anno\",\"email\":\"info@clinicalaveterinaria.it\",\"telephone\":\"0952190\",\"legalName\":\"Clinica La Veterinaria s.r.l.\",\"vatID\":\"05780070875\",\"taxID\":\"05780070875\",\"numberOfEmployees\":{\"@type\":\"QuantitativeValue\",\"minValue\":\"11\",\"maxValue\":\"50\"},\"publishingPrinciples\":\"https:\\\/\\\/clinicalaveterinaria.it\\\/termini-e-condizioni\\\/\",\"ownershipFundingInfo\":\"https:\\\/\\\/clinicalaveterinaria.it\\\/imprint\\\/\",\"actionableFeedbackPolicy\":\"https:\\\/\\\/clinicalaveterinaria.it\\\/termini-e-condizioni\\\/\",\"ethicsPolicy\":\"https:\\\/\\\/clinicalaveterinaria.it\\\/disconoscimento\\\/\"},{\"@type\":\"Person\",\"@id\":\"https:\\\/\\\/clinicalaveterinaria.it\\\/es\\\/#\\\/schema\\\/person\\\/5a4a3711b16a28ccb91003fee10263f7\",\"name\":\"redazione\",\"image\":{\"@type\":\"ImageObject\",\"inLanguage\":\"es\",\"@id\":\"https:\\\/\\\/secure.gravatar.com\\\/avatar\\\/db4240686fe0b7f82258478e83e19eea96e510630cfed54b2889a5bcc04031c0?s=96&d=mm&r=g\",\"url\":\"https:\\\/\\\/secure.gravatar.com\\\/avatar\\\/db4240686fe0b7f82258478e83e19eea96e510630cfed54b2889a5bcc04031c0?s=96&d=mm&r=g\",\"contentUrl\":\"https:\\\/\\\/secure.gravatar.com\\\/avatar\\\/db4240686fe0b7f82258478e83e19eea96e510630cfed54b2889a5bcc04031c0?s=96&d=mm&r=g\",\"caption\":\"redazione\"}}]}<\/script>\n<!-- \/ Yoast SEO Premium plugin. -->","yoast_head_json":{"title":"D\u00eda del Bosque | Cl\u00ednica La Veterinaria","description":"La importancia de los bosques para garantizar la existencia de todas las especies vivas: se necesitan medidas urgentes contra la deforestaci\u00f3n.","robots":{"index":"index","follow":"follow","max-snippet":"max-snippet:-1","max-image-preview":"max-image-preview:large","max-video-preview":"max-video-preview:-1"},"canonical":"https:\/\/clinicalaveterinaria.it\/es\/dia-forestal-todas-las-razones-para-proteger-los-bosques\/","og_locale":"es_ES","og_type":"article","og_title":"D\u00eda Forestal: todas las razones para proteger los bosques","og_description":"La importancia de los bosques para garantizar la existencia de todas las especies vivas: se necesitan medidas urgentes contra la deforestaci\u00f3n.","og_url":"https:\/\/clinicalaveterinaria.it\/es\/dia-forestal-todas-las-razones-para-proteger-los-bosques\/","og_site_name":"Clinica La Veterinaria","article_publisher":"https:\/\/www.facebook.com\/clinicalaveterinaria","article_published_time":"2024-03-21T07:59:16+00:00","article_modified_time":"2024-04-11T08:14:31+00:00","og_image":[{"width":600,"height":302,"url":"https:\/\/clinicalaveterinaria.it\/wp-content\/uploads\/2024\/01\/Giornata-internazionale-delle-foreste_Clinica-La-Veterinaria.jpg","type":"image\/jpeg"}],"author":"redazione","twitter_card":"summary_large_image","twitter_misc":{"Escrito por":"redazione","Tiempo de lectura":"2 minutos"},"schema":{"@context":"https:\/\/schema.org","@graph":[{"@type":"Article","@id":"https:\/\/clinicalaveterinaria.it\/es\/dia-forestal-todas-las-razones-para-proteger-los-bosques\/#article","isPartOf":{"@id":"https:\/\/clinicalaveterinaria.it\/es\/dia-forestal-todas-las-razones-para-proteger-los-bosques\/"},"author":{"name":"redazione","@id":"https:\/\/clinicalaveterinaria.it\/es\/#\/schema\/person\/5a4a3711b16a28ccb91003fee10263f7"},"headline":"D\u00eda Forestal: todas las razones para proteger los bosques","datePublished":"2024-03-21T07:59:16+00:00","dateModified":"2024-04-11T08:14:31+00:00","mainEntityOfPage":{"@id":"https:\/\/clinicalaveterinaria.it\/es\/dia-forestal-todas-las-razones-para-proteger-los-bosques\/"},"wordCount":413,"publisher":{"@id":"https:\/\/clinicalaveterinaria.it\/es\/#organization"},"image":{"@id":"https:\/\/clinicalaveterinaria.it\/es\/dia-forestal-todas-las-razones-para-proteger-los-bosques\/#primaryimage"},"thumbnailUrl":"https:\/\/clinicalaveterinaria.it\/wp-content\/uploads\/2024\/01\/Giornata-internazionale-delle-foreste_Clinica-La-Veterinaria.jpg","keywords":["biodiversidad","cambio clim\u00e1tico","deforestaci\u00f3n","respetuoso con el medio ambiente"],"articleSection":["Informe"],"inLanguage":"es"},{"@type":"WebPage","@id":"https:\/\/clinicalaveterinaria.it\/es\/dia-forestal-todas-las-razones-para-proteger-los-bosques\/","url":"https:\/\/clinicalaveterinaria.it\/es\/dia-forestal-todas-las-razones-para-proteger-los-bosques\/","name":"D\u00eda del Bosque | Cl\u00ednica La Veterinaria","isPartOf":{"@id":"https:\/\/clinicalaveterinaria.it\/es\/#website"},"primaryImageOfPage":{"@id":"https:\/\/clinicalaveterinaria.it\/es\/dia-forestal-todas-las-razones-para-proteger-los-bosques\/#primaryimage"},"image":{"@id":"https:\/\/clinicalaveterinaria.it\/es\/dia-forestal-todas-las-razones-para-proteger-los-bosques\/#primaryimage"},"thumbnailUrl":"https:\/\/clinicalaveterinaria.it\/wp-content\/uploads\/2024\/01\/Giornata-internazionale-delle-foreste_Clinica-La-Veterinaria.jpg","datePublished":"2024-03-21T07:59:16+00:00","dateModified":"2024-04-11T08:14:31+00:00","description":"La importancia de los bosques para garantizar la existencia de todas las especies vivas: se necesitan medidas urgentes contra la deforestaci\u00f3n.","breadcrumb":{"@id":"https:\/\/clinicalaveterinaria.it\/es\/dia-forestal-todas-las-razones-para-proteger-los-bosques\/#breadcrumb"},"inLanguage":"es","potentialAction":[{"@type":"ReadAction","target":["https:\/\/clinicalaveterinaria.it\/es\/dia-forestal-todas-las-razones-para-proteger-los-bosques\/"]}]},{"@type":"ImageObject","inLanguage":"es","@id":"https:\/\/clinicalaveterinaria.it\/es\/dia-forestal-todas-las-razones-para-proteger-los-bosques\/#primaryimage","url":"https:\/\/clinicalaveterinaria.it\/wp-content\/uploads\/2024\/01\/Giornata-internazionale-delle-foreste_Clinica-La-Veterinaria.jpg","contentUrl":"https:\/\/clinicalaveterinaria.it\/wp-content\/uploads\/2024\/01\/Giornata-internazionale-delle-foreste_Clinica-La-Veterinaria.jpg","width":600,"height":302,"caption":"D\u00eda Internacional de los Bosques | Cl\u00ednica La Veterinaria"},{"@type":"BreadcrumbList","@id":"https:\/\/clinicalaveterinaria.it\/es\/dia-forestal-todas-las-razones-para-proteger-los-bosques\/#breadcrumb","itemListElement":[{"@type":"ListItem","position":1,"name":"Home","item":"https:\/\/clinicalaveterinaria.it\/es\/"},{"@type":"ListItem","position":2,"name":"D\u00eda Forestal: todas las razones para proteger los bosques"}]},{"@type":"WebSite","@id":"https:\/\/clinicalaveterinaria.it\/es\/#website","url":"https:\/\/clinicalaveterinaria.it\/es\/","name":"Clinica La Veterinaria","description":"Per la gioia di vederli felici","publisher":{"@id":"https:\/\/clinicalaveterinaria.it\/es\/#organization"},"potentialAction":[{"@type":"SearchAction","target":{"@type":"EntryPoint","urlTemplate":"https:\/\/clinicalaveterinaria.it\/es\/?s={search_term_string}"},"query-input":{"@type":"PropertyValueSpecification","valueRequired":true,"valueName":"search_term_string"}}],"inLanguage":"es"},{"@type":"Organization","@id":"https:\/\/clinicalaveterinaria.it\/es\/#organization","name":"Clinica La Veterinaria s.r.l.","url":"https:\/\/clinicalaveterinaria.it\/es\/","logo":{"@type":"ImageObject","inLanguage":"es","@id":"https:\/\/clinicalaveterinaria.it\/es\/#\/schema\/logo\/image\/","url":"https:\/\/clinicalaveterinaria.it\/wp-content\/uploads\/2023\/07\/Favicon_Logo_clinica_la_vetrinaria-01.png","contentUrl":"https:\/\/clinicalaveterinaria.it\/wp-content\/uploads\/2023\/07\/Favicon_Logo_clinica_la_vetrinaria-01.png","width":121,"height":120,"caption":"Clinica La Veterinaria s.r.l."},"image":{"@id":"https:\/\/clinicalaveterinaria.it\/es\/#\/schema\/logo\/image\/"},"sameAs":["https:\/\/www.facebook.com\/clinicalaveterinaria","https:\/\/www.instagram.com\/clinica_la_veterinaria\/"],"description":"Clinica Veterinaria aperta h24 365 giorni all'anno","email":"info@clinicalaveterinaria.it","telephone":"0952190","legalName":"Clinica La Veterinaria s.r.l.","vatID":"05780070875","taxID":"05780070875","numberOfEmployees":{"@type":"QuantitativeValue","minValue":"11","maxValue":"50"},"publishingPrinciples":"https:\/\/clinicalaveterinaria.it\/termini-e-condizioni\/","ownershipFundingInfo":"https:\/\/clinicalaveterinaria.it\/imprint\/","actionableFeedbackPolicy":"https:\/\/clinicalaveterinaria.it\/termini-e-condizioni\/","ethicsPolicy":"https:\/\/clinicalaveterinaria.it\/disconoscimento\/"},{"@type":"Person","@id":"https:\/\/clinicalaveterinaria.it\/es\/#\/schema\/person\/5a4a3711b16a28ccb91003fee10263f7","name":"redazione","image":{"@type":"ImageObject","inLanguage":"es","@id":"https:\/\/secure.gravatar.com\/avatar\/db4240686fe0b7f82258478e83e19eea96e510630cfed54b2889a5bcc04031c0?s=96&d=mm&r=g","url":"https:\/\/secure.gravatar.com\/avatar\/db4240686fe0b7f82258478e83e19eea96e510630cfed54b2889a5bcc04031c0?s=96&d=mm&r=g","contentUrl":"https:\/\/secure.gravatar.com\/avatar\/db4240686fe0b7f82258478e83e19eea96e510630cfed54b2889a5bcc04031c0?s=96&d=mm&r=g","caption":"redazione"}}]}},"_links":{"self":[{"href":"https:\/\/clinicalaveterinaria.it\/es\/wp-json\/wp\/v2\/posts\/36778","targetHints":{"allow":["GET"]}}],"collection":[{"href":"https:\/\/clinicalaveterinaria.it\/es\/wp-json\/wp\/v2\/posts"}],"about":[{"href":"https:\/\/clinicalaveterinaria.it\/es\/wp-json\/wp\/v2\/types\/post"}],"author":[{"embeddable":true,"href":"https:\/\/clinicalaveterinaria.it\/es\/wp-json\/wp\/v2\/users\/5"}],"replies":[{"embeddable":true,"href":"https:\/\/clinicalaveterinaria.it\/es\/wp-json\/wp\/v2\/comments?post=36778"}],"version-history":[{"count":0,"href":"https:\/\/clinicalaveterinaria.it\/es\/wp-json\/wp\/v2\/posts\/36778\/revisions"}],"wp:featuredmedia":[{"embeddable":true,"href":"https:\/\/clinicalaveterinaria.it\/es\/wp-json\/wp\/v2\/media\/36665"}],"wp:attachment":[{"href":"https:\/\/clinicalaveterinaria.it\/es\/wp-json\/wp\/v2\/media?parent=36778"}],"wp:term":[{"taxonomy":"category","embeddable":true,"href":"https:\/\/clinicalaveterinaria.it\/es\/wp-json\/wp\/v2\/categories?post=36778"},{"taxonomy":"post_tag","embeddable":true,"href":"https:\/\/clinicalaveterinaria.it\/es\/wp-json\/wp\/v2\/tags?post=36778"}],"curies":[{"name":"wp","href":"https:\/\/api.w.org\/{rel}","templated":true}]}}